{"id":7607,"date":"2015-05-18T08:29:52","date_gmt":"2015-05-18T07:29:52","guid":{"rendered":"http:\/\/2horizontes.com\/?p=7607"},"modified":"2015-05-18T08:29:52","modified_gmt":"2015-05-18T07:29:52","slug":"26-paises-de-africa-unen-su-comercio","status":"publish","type":"post","link":"https:\/\/2horizontes.com\/?p=7607","title":{"rendered":"26 pa\u00edses de \u00c1frica unen su comercio"},"content":{"rendered":"<p><strong>EFE<\/strong><\/p>\n<p>El pr\u00f3ximo 10 de junio \u00c1frica dar\u00e1 un paso de gigante hacia la integraci\u00f3n econ\u00f3mica, con la firma de un acuerdo de libre comercio entre 26 pa\u00edses del continente, que mueven 102.000 millones de d\u00f3lares.<\/p>\n<p>Los 26 pa\u00edses, integrantes de tres comunidades econ\u00f3micas subregionales, lanzar\u00e1n un acuerdo de libre comercio en esa fecha, coincidiendo con la celebraci\u00f3n de una cumbre econ\u00f3mica en la ciudad egipcia de Sharm al Sheij, seg\u00fan anunci\u00f3 ayer el ministro egipcio de Industria y Comercio, <i>Munir Fajri<\/i>.<\/p>\n<p>El tratado ser\u00e1 rubricado entre las econom\u00edas regionales que integran la Comunidad de Desarrollo de \u00c1frica Austral (Sadc), el Mercado Com\u00fan de \u00c1frica Oriental y Austral (Comesa) y la Comunidad de \u00c1frica Oriental (CAO).<\/p>\n<p>Entre los pa\u00edses que conforman esos tres bloques est\u00e1n Sud\u00e1frica, Burundi, Congo, Yibuti, Egipto, Eritrea, Etiop\u00eda, Kenia, Libia, Madagascar, Malaui, Mauricio, Ruanda, Sud\u00e1n, Uganda, Zambia y Zimbabue, entre otros.<\/p>\n<p>Esas naciones albergan el 62 por ciento del comercio global de \u00c1frica y el 58 por ciento del PIB total de este continente, lo que supone cerca de un bill\u00f3n de d\u00f3lares estadounidenses.<\/p>\n<p>\u201cLa integraci\u00f3n de los pa\u00edses africanos ha logrado grandes avances en el pasado, lo que indica que habr\u00e1 grandes victorias en el futuro\u201d, augur\u00f3 Fajri.<\/p>\n<p>La zona de libre comercio tiene el objetivo de acabar con los obst\u00e1culos al movimiento comercial entre los pa\u00edses firmantes, en los que habitan 625 millones de personas, un poco m\u00e1s de la mitad de los habitantes del continente.<\/p>\n<p>El acuerdo, cuyas negociaciones se prolongar\u00e1n todav\u00eda hasta finales de mes, seg\u00fan Fajri, se levanta sobre tres pilares principales: la integraci\u00f3n de mercados, el desarrollo de infraestructuras y el desarrollo industrial.<\/p>\n<p>Su aplicaci\u00f3n se realizar\u00e1 en dos fases. La primera, que comenzar\u00e1 el d\u00eda 10, supondr\u00e1 la eliminaci\u00f3n de las barreras arancelarias y no arancelarias para garantizar la libre circulaci\u00f3n de empresarios y, la segunda, avanzar\u00e1 hacia la liberalizaci\u00f3n progresiva del comercio de servicios.<\/p>\n<p>Se espera que los beneficios directos de este acuerdo sean \u201cmoderados\u201d, seg\u00fan la alianza tripartita, que reconoce que este avance beneficiar\u00e1 m\u00e1s a los pa\u00edses con mayor potencial econ\u00f3mico.<\/p>\n","protected":false},"excerpt":{"rendered":"<p>EFE El pr\u00f3ximo 10 de junio \u00c1frica dar\u00e1 un paso de gigante hacia la integraci\u00f3n econ\u00f3mica, con la firma de un acuerdo de libre comercio entre 26 pa\u00edses del continente, que mueven 102.000 millones de d\u00f3lares. Los 26 pa\u00edses, integrantes de tres comunidades econ\u00f3micas subregionales, lanzar\u00e1n un acuerdo de libre comercio en esa fecha, coincidiendo [&hellip;]<\/p>\n","protected":false},"author":7,"featured_media":7608,"comment_status":"open","ping_status":"open","sticky":false,"template":"","format":"standard","meta":{"footnotes":""},"categories":[51,63,40],"tags":[],"class_list":["post-7607","post","type-post","status-publish","format-standard","has-post-thumbnail","hentry","category-africa","category-economia","category-internacionales"],"_links":{"self":[{"href":"https:\/\/2horizontes.com\/index.php?rest_route=\/wp\/v2\/posts\/7607","targetHints":{"allow":["GET"]}}],"collection":[{"href":"https:\/\/2horizontes.com\/index.php?rest_route=\/wp\/v2\/posts"}],"about":[{"href":"https:\/\/2horizontes.com\/index.php?rest_route=\/wp\/v2\/types\/post"}],"author":[{"embeddable":true,"href":"https:\/\/2horizontes.com\/index.php?rest_route=\/wp\/v2\/users\/7"}],"replies":[{"embeddable":true,"href":"https:\/\/2horizontes.com\/index.php?rest_route=%2Fwp%2Fv2%2Fcomments&post=7607"}],"version-history":[{"count":1,"href":"https:\/\/2horizontes.com\/index.php?rest_route=\/wp\/v2\/posts\/7607\/revisions"}],"predecessor-version":[{"id":7609,"href":"https:\/\/2horizontes.com\/index.php?rest_route=\/wp\/v2\/posts\/7607\/revisions\/7609"}],"wp:featuredmedia":[{"embeddable":true,"href":"https:\/\/2horizontes.com\/index.php?rest_route=\/wp\/v2\/media\/7608"}],"wp:attachment":[{"href":"https:\/\/2horizontes.com\/index.php?rest_route=%2Fwp%2Fv2%2Fmedia&parent=7607"}],"wp:term":[{"taxonomy":"category","embeddable":true,"href":"https:\/\/2horizontes.com\/index.php?rest_route=%2Fwp%2Fv2%2Fcategories&post=7607"},{"taxonomy":"post_tag","embeddable":true,"href":"https:\/\/2horizontes.com\/index.php?rest_route=%2Fwp%2Fv2%2Ftags&post=7607"}],"curies":[{"name":"wp","href":"https:\/\/api.w.org\/{rel}","templated":true}]}}