{"id":76044,"date":"2025-10-14T15:27:52","date_gmt":"2025-10-14T14:27:52","guid":{"rendered":"https:\/\/2horizontes.com\/?p=76044"},"modified":"2025-10-14T15:42:08","modified_gmt":"2025-10-14T14:42:08","slug":"ny-juramentan-directiva-colegio-dominicano-de-periodistas","status":"publish","type":"post","link":"https:\/\/2horizontes.com\/?p=76044","title":{"rendered":"NY: Juramentan directiva Colegio Dominicano de Periodistas"},"content":{"rendered":"\n<p>NUEVA YORK.- Ibelka Ure\u00f1a fue juramentada como secretaria general del Colegio Dominicano de Periodistas (CDP) en Nueva York.<\/p>\n\n\n\n<p>Le acompa\u00f1an en la nueva directiva las periodistas B\u00e9lgica Vargas, subsecretar\u00eda; Zenit D\u00edaz, organizaci\u00f3n; Luz Bregman, secretaria de actas; Roberto Francis, finanzas, Gabriela Remigio y Mar\u00eda S\u00e1nchez, vocales.<\/p>\n\n\n\n<p>Gladys S\u00e1nchez, presidenta de la pasada Comisi\u00f3n Electoral, tom\u00f3 el juramento a los nuevos integrantes de la direcci\u00f3n del CDP en est ciudad.<\/p>\n\n\n\n<p>Ure\u00f1a agradeci\u00f3 el respaldo de sus colegas en el pasado proceso eleccionario que culmin\u00f3 con su escogencia para dirigir esa instituci\u00f3n.<\/p>\n\n\n\n<p>Resalt\u00f3 su compromiso de trabajar por el fortalecimiento y la capacitaci\u00f3n profesional de los periodistas dominicanos radicados en Nueva York, al tiempo de anunciar la firma de un convenio con la Universidad Abierta para adultos UAPA, que permitir\u00e1 a sus miembros acceder a cursos y diplomados tanto en modalidad presencial como en l\u00ednea .<\/p>\n\n\n\n<p>Durante el acto&nbsp;realizado en la sede del Centro Comunitario Alianza Dominicana, en el Alto Manhattan, fueron proyectados dos audiovisuales, el primero rindiendo homenaje p\u00f3stumo a los reci\u00e9n fallecidos periodistas Luis Jim\u00e9nez y Marco Bencosme, y un repaso a la historia y aportes de la seccional en Nueva York, desde su fundaci\u00f3n en el 1992.<\/p>\n","protected":false},"excerpt":{"rendered":"<p>NUEVA YORK.- Ibelka Ure\u00f1a fue juramentada como secretaria general del Colegio Dominicano de Periodistas (CDP) en Nueva York. Le acompa\u00f1an en la nueva directiva las periodistas B\u00e9lgica Vargas, subsecretar\u00eda; Zenit D\u00edaz, organizaci\u00f3n; Luz Bregman, secretaria de actas; Roberto Francis, finanzas, Gabriela Remigio y Mar\u00eda S\u00e1nchez, vocales. Gladys S\u00e1nchez, presidenta de la pasada Comisi\u00f3n Electoral, tom\u00f3 [&hellip;]<\/p>\n","protected":false},"author":1,"featured_media":76045,"comment_status":"open","ping_status":"open","sticky":false,"template":"","format":"standard","meta":{"footnotes":""},"categories":[62,46,55],"tags":[],"class_list":["post-76044","post","type-post","status-publish","format-standard","has-post-thumbnail","hentry","category-cultura","category-dominicanos-en-madrid","category-educacion"],"_links":{"self":[{"href":"https:\/\/2horizontes.com\/index.php?rest_route=\/wp\/v2\/posts\/76044","targetHints":{"allow":["GET"]}}],"collection":[{"href":"https:\/\/2horizontes.com\/index.php?rest_route=\/wp\/v2\/posts"}],"about":[{"href":"https:\/\/2horizontes.com\/index.php?rest_route=\/wp\/v2\/types\/post"}],"author":[{"embeddable":true,"href":"https:\/\/2horizontes.com\/index.php?rest_route=\/wp\/v2\/users\/1"}],"replies":[{"embeddable":true,"href":"https:\/\/2horizontes.com\/index.php?rest_route=%2Fwp%2Fv2%2Fcomments&post=76044"}],"version-history":[{"count":1,"href":"https:\/\/2horizontes.com\/index.php?rest_route=\/wp\/v2\/posts\/76044\/revisions"}],"predecessor-version":[{"id":76046,"href":"https:\/\/2horizontes.com\/index.php?rest_route=\/wp\/v2\/posts\/76044\/revisions\/76046"}],"wp:featuredmedia":[{"embeddable":true,"href":"https:\/\/2horizontes.com\/index.php?rest_route=\/wp\/v2\/media\/76045"}],"wp:attachment":[{"href":"https:\/\/2horizontes.com\/index.php?rest_route=%2Fwp%2Fv2%2Fmedia&parent=76044"}],"wp:term":[{"taxonomy":"category","embeddable":true,"href":"https:\/\/2horizontes.com\/index.php?rest_route=%2Fwp%2Fv2%2Fcategories&post=76044"},{"taxonomy":"post_tag","embeddable":true,"href":"https:\/\/2horizontes.com\/index.php?rest_route=%2Fwp%2Fv2%2Ftags&post=76044"}],"curies":[{"name":"wp","href":"https:\/\/api.w.org\/{rel}","templated":true}]}}