{"id":7603,"date":"2015-05-18T08:21:11","date_gmt":"2015-05-18T07:21:11","guid":{"rendered":"http:\/\/2horizontes.com\/?p=7603"},"modified":"2015-05-18T08:21:11","modified_gmt":"2015-05-18T07:21:11","slug":"onu-lanza-alerta-global-humanitaria-por-colera-en-haiti","status":"publish","type":"post","link":"https:\/\/2horizontes.com\/?p=7603","title":{"rendered":"ONU lanza alerta global humanitaria por c\u00f3lera en Hait\u00ed"},"content":{"rendered":"<p>La Organizaci\u00f3n de las Naciones Unidas (<strong>ONU<\/strong>) lanz\u00f3 una alerta global por el brote de<strong>c\u00f3lera <\/strong>que se registra en <strong>Hait\u00ed<\/strong>, tras asegurar que el pa\u00eds latino requiere del apoyo de todos los pa\u00edses del mundo para poder hacer frente a la crisis sanitaria.<\/p>\n<p>De acuerdo a la <strong>ONU<\/strong>, el brote de <strong>c\u00f3lera <\/strong>en<strong>Hait\u00ed <\/strong>debe ser considerado como una emergencia humanitaria debido a que los casos est\u00e1n creciendo a un ritmo de mil por semana, por lo que es necesario presentar una respuesta contundente contra dicha enfermedad.<\/p>\n<p>Por su parte, el coordinador especial de la<strong>ONU <\/strong>para la respuesta al <strong>c\u00f3lera <\/strong>en <strong>Hait\u00ed<\/strong>, Pedro Medrano, se\u00f1al\u00f3 que son necesarios recursos econ\u00f3micos por la cantidad de 35 millones de d\u00f3lares para poder socorrer a los habitantes, despu\u00e9s de se\u00f1alar que la epidemia de la enfermedad atraviesa por su peor momento en los \u00faltimos 18 meses.<\/p>\n<blockquote><p>\u00abSi las personas infectadas por <strong>c\u00f3lera <\/strong>no reciben el tratamiento adecuado, muy probablemente el n\u00famero de casos fatales va a aumentar\u00bb, afirm\u00f3 el funcionario de la ONU.<\/p><\/blockquote>\n<p>Conforme a las estimaciones realizadas por la Organizaci\u00f3n Mundial de la Salud (OMS), el n\u00famero de casos der <strong>c\u00f3lera <\/strong>para el 2015 rondar\u00e1 alrededor de las 28 mil personas, aunque Medrano se\u00f1al\u00f3 que podr\u00eda ser m\u00e1s grave en caso de no tomar medidas urgentes.<\/p>\n<p>En d\u00edas pasados, la <strong>OMS <\/strong>inform\u00f3 que la discapacidad visual es m\u00e1s frecuente en mujeres, adem\u00e1s de que el virus del \u00e9bola ha reducido sus casos de contagio en Guinea y Sierra Leona.<\/p>\n","protected":false},"excerpt":{"rendered":"<p>La Organizaci\u00f3n de las Naciones Unidas (ONU) lanz\u00f3 una alerta global por el brote dec\u00f3lera que se registra en Hait\u00ed, tras asegurar que el pa\u00eds latino requiere del apoyo de todos los pa\u00edses del mundo para poder hacer frente a la crisis sanitaria. De acuerdo a la ONU, el brote de c\u00f3lera enHait\u00ed debe ser [&hellip;]<\/p>\n","protected":false},"author":7,"featured_media":7604,"comment_status":"open","ping_status":"open","sticky":false,"template":"","format":"standard","meta":{"footnotes":""},"categories":[47,40,45],"tags":[],"class_list":["post-7603","post","type-post","status-publish","format-standard","has-post-thumbnail","hentry","category-haiti","category-internacionales","category-salud"],"_links":{"self":[{"href":"https:\/\/2horizontes.com\/index.php?rest_route=\/wp\/v2\/posts\/7603","targetHints":{"allow":["GET"]}}],"collection":[{"href":"https:\/\/2horizontes.com\/index.php?rest_route=\/wp\/v2\/posts"}],"about":[{"href":"https:\/\/2horizontes.com\/index.php?rest_route=\/wp\/v2\/types\/post"}],"author":[{"embeddable":true,"href":"https:\/\/2horizontes.com\/index.php?rest_route=\/wp\/v2\/users\/7"}],"replies":[{"embeddable":true,"href":"https:\/\/2horizontes.com\/index.php?rest_route=%2Fwp%2Fv2%2Fcomments&post=7603"}],"version-history":[{"count":1,"href":"https:\/\/2horizontes.com\/index.php?rest_route=\/wp\/v2\/posts\/7603\/revisions"}],"predecessor-version":[{"id":7605,"href":"https:\/\/2horizontes.com\/index.php?rest_route=\/wp\/v2\/posts\/7603\/revisions\/7605"}],"wp:featuredmedia":[{"embeddable":true,"href":"https:\/\/2horizontes.com\/index.php?rest_route=\/wp\/v2\/media\/7604"}],"wp:attachment":[{"href":"https:\/\/2horizontes.com\/index.php?rest_route=%2Fwp%2Fv2%2Fmedia&parent=7603"}],"wp:term":[{"taxonomy":"category","embeddable":true,"href":"https:\/\/2horizontes.com\/index.php?rest_route=%2Fwp%2Fv2%2Fcategories&post=7603"},{"taxonomy":"post_tag","embeddable":true,"href":"https:\/\/2horizontes.com\/index.php?rest_route=%2Fwp%2Fv2%2Ftags&post=7603"}],"curies":[{"name":"wp","href":"https:\/\/api.w.org\/{rel}","templated":true}]}}