{"id":76004,"date":"2025-09-04T18:07:04","date_gmt":"2025-09-04T17:07:04","guid":{"rendered":"https:\/\/2horizontes.com\/?p=76004"},"modified":"2025-09-04T18:12:39","modified_gmt":"2025-09-04T17:12:39","slug":"venezuela-nicolas-maduro-promete-una-republica-de-armas","status":"publish","type":"post","link":"https:\/\/2horizontes.com\/?p=76004","title":{"rendered":"VENEZUELA: Nicol\u00e1s Maduro promete una \u00abrep\u00fablica de armas"},"content":{"rendered":"\n<p>CARACAS.- El presidente Nicol\u00e1s Maduro afirm\u00f3 que declarar\u00eda constitucionalmente una \u00abrep\u00fablica en armas\u201d si el pa\u00eds sudamericano \u201cfuera agredido\u201d por las fuerzas militares que el gobierno de Estados Unidos ha desplegado en el Caribe.<\/p>\n\n\n\n<p>Los comentarios del gobernante en una conferencia de prensa se dan en un momento en que el gobierno del presidente Donald Trump se dispone a reforzar esta semana su fuerza mar\u00edtima cerca de aguas venezolanas para combatir las amenazas de los c\u00e1rteles de la droga latinoamericanos.<\/p>\n\n\n\n<p>Estados Unidos no ha informado sobre la posibilidad de una incursi\u00f3n terrestre con los miles de efectivos desplegados, pero el gobierno de Maduro ha respondido enviando m\u00e1s tropas a lo largo de su costa y frontera con la vecina Colombia y concovado a los venezolanos a alistarse en una milicia civil.<\/p>\n\n\n\n<p>El gobernante venezolano insisti\u00f3 que la estrategia venezolana ante lo que llama las amenazas de Estados Unidos es \u201ceminentemente defensiva\u201d, lo que incluye la \u201clucha diplom\u00e1tica, la lucha pol\u00edtica\u201d, pero advirti\u00f3 que si \u201cVenezuela fuera agredida pasar\u00eda inmediatamente al periodo de lucha armada en defensa del territorio nacional\u201d y \u201cdeclarar\u00eda constitucionalmente a la rep\u00fablica en armas, lucha armada\u201d.<\/p>\n\n\n\n<p>Agreg\u00f3 que su pa\u00eds se est\u00e1 \u201cpreparando para preservar la soberan\u00eda nacional, la paz y la integridad territorial ante \u00abestos m\u00e9todos inmorales ilegales que violan la Carta de Naciones Unidas\u201d, en alusi\u00f3n al despliegue de fuerzas estadounidense.<\/p>\n\n\n\n<p><strong>Un pueblo de guerreros<\/strong><\/p>\n\n\n\n<p>\u201cVenezuela es un pa\u00eds pacifista, pero somos un pueblo de guerreros y jam\u00e1s va a ceder frente a chantajes ni amenazas de ning\u00fan signo\u201d, asever\u00f3 a los periodistas en un lujoso hotel de Caracas.<\/p>\n\n\n\n<p>\u201cVenezuela est\u00e1 enfrentando la m\u00e1s grande amenaza que se haya visto en nuestro continente en los \u00faltimos 100 a\u00f1os\u2026 una amenaza extravagante, injustificable, inmoral y absolutamente criminal\u201d, afirm\u00f3.<\/p>\n\n\n\n<p>El gobierno estadounidense tambi\u00e9n duplic\u00f3 a inicios de agosto a 50 millones de d\u00f3lares una recompensa por la captura de Maduro, a quien acus\u00f3 formalmente ante la justicia por presuntos cargos de narcoterrorismo.<\/p>\n\n\n\n<p>Maduro dijo tambi\u00e9n en la rueda de prensa que no descarta que un di\u00e1logo entre los gobiernos de Caracas y Washington ayude a aliviar las tensiones, aunque reconoci\u00f3 que en la actualidad los canales de comunicaci\u00f3n entre ambos pa\u00edses \u201cest\u00e1n maltrechos\u201d.<\/p>\n\n\n\n<p>\u201cSiempre tenemos todos los canales de conversaci\u00f3n, de di\u00e1logo y diplom\u00e1ticos, abiertos con Estados Unidos, ojal\u00e1 esos canales se recuperen\u201d, se\u00f1al\u00f3 tras considerar que \u201cla b\u00fasqueda del cambio de r\u00e9gimen (en Venezuela) est\u00e1 agotado y est\u00e1 fracasado como pol\u00edtica en el mundo\u201d.<\/p>\n\n\n\n<p>Trump \u201ces un hombre inteligente, audaz. \u00c9l sabr\u00e1 qu\u00e9 hacer\u201d, dijo Maduro.<\/p>\n\n\n\n<figure class=\"wp-block-gallery has-nested-images columns-default is-cropped wp-block-gallery-1 is-layout-flex wp-block-gallery-is-layout-flex\">\n<figure class=\"wp-block-image size-large\"><a href=\"https:\/\/2horizontes.com\/wp-content\/uploads\/2025\/09\/maduro.jpg\"><img loading=\"lazy\" decoding=\"async\" width=\"510\" height=\"287\" data-id=\"76005\" src=\"https:\/\/2horizontes.com\/wp-content\/uploads\/2025\/09\/maduro-510x287.jpg\" alt=\"\" class=\"wp-image-76005\" srcset=\"https:\/\/2horizontes.com\/wp-content\/uploads\/2025\/09\/maduro-510x287.jpg 510w, https:\/\/2horizontes.com\/wp-content\/uploads\/2025\/09\/maduro-300x169.jpg 300w, https:\/\/2horizontes.com\/wp-content\/uploads\/2025\/09\/maduro.jpg 686w\" sizes=\"auto, (max-width: 510px) 100vw, 510px\" \/><\/a><\/figure>\n<\/figure>\n","protected":false},"excerpt":{"rendered":"<p>CARACAS.- El presidente Nicol\u00e1s Maduro afirm\u00f3 que declarar\u00eda constitucionalmente una \u00abrep\u00fablica en armas\u201d si el pa\u00eds sudamericano \u201cfuera agredido\u201d por las fuerzas militares que el gobierno de Estados Unidos ha desplegado en el Caribe. Los comentarios del gobernante en una conferencia de prensa se dan en un momento en que el gobierno del presidente Donald [&hellip;]<\/p>\n","protected":false},"author":1,"featured_media":76008,"comment_status":"open","ping_status":"open","sticky":false,"template":"","format":"standard","meta":{"footnotes":""},"categories":[43,48],"tags":[],"class_list":["post-76004","post","type-post","status-publish","format-standard","has-post-thumbnail","hentry","category-politica","category-venezuela"],"_links":{"self":[{"href":"https:\/\/2horizontes.com\/index.php?rest_route=\/wp\/v2\/posts\/76004","targetHints":{"allow":["GET"]}}],"collection":[{"href":"https:\/\/2horizontes.com\/index.php?rest_route=\/wp\/v2\/posts"}],"about":[{"href":"https:\/\/2horizontes.com\/index.php?rest_route=\/wp\/v2\/types\/post"}],"author":[{"embeddable":true,"href":"https:\/\/2horizontes.com\/index.php?rest_route=\/wp\/v2\/users\/1"}],"replies":[{"embeddable":true,"href":"https:\/\/2horizontes.com\/index.php?rest_route=%2Fwp%2Fv2%2Fcomments&post=76004"}],"version-history":[{"count":1,"href":"https:\/\/2horizontes.com\/index.php?rest_route=\/wp\/v2\/posts\/76004\/revisions"}],"predecessor-version":[{"id":76006,"href":"https:\/\/2horizontes.com\/index.php?rest_route=\/wp\/v2\/posts\/76004\/revisions\/76006"}],"wp:featuredmedia":[{"embeddable":true,"href":"https:\/\/2horizontes.com\/index.php?rest_route=\/wp\/v2\/media\/76008"}],"wp:attachment":[{"href":"https:\/\/2horizontes.com\/index.php?rest_route=%2Fwp%2Fv2%2Fmedia&parent=76004"}],"wp:term":[{"taxonomy":"category","embeddable":true,"href":"https:\/\/2horizontes.com\/index.php?rest_route=%2Fwp%2Fv2%2Fcategories&post=76004"},{"taxonomy":"post_tag","embeddable":true,"href":"https:\/\/2horizontes.com\/index.php?rest_route=%2Fwp%2Fv2%2Ftags&post=76004"}],"curies":[{"name":"wp","href":"https:\/\/api.w.org\/{rel}","templated":true}]}}