{"id":75997,"date":"2025-08-11T21:11:03","date_gmt":"2025-08-11T20:11:03","guid":{"rendered":"https:\/\/2horizontes.com\/?p=75997"},"modified":"2025-08-11T21:11:06","modified_gmt":"2025-08-11T20:11:06","slug":"padre-le-quita-la-vida-a-su-hijo-de-un-ano-y-luego-se-suicida-en-el-factor","status":"publish","type":"post","link":"https:\/\/2horizontes.com\/?p=75997","title":{"rendered":"Padre le quita la vida a su hijo de un a\u00f1o y luego se suicida en El Factor"},"content":{"rendered":"\n<p>De acuerdo con las informaciones preliminares, el hombre identificado como Melanio L\u00f3pez N\u00fa\u00f1ez, se habr\u00eda ahorcado despu\u00e9s de presuntamente quitarle la vida al menor.<\/p>\n\n\n\n<p>Con gran consternaci\u00f3n se encuentra la comunidad de Telanza, en el municipio El Factor (provincia Mar\u00eda Trinidad S\u00e1nchez), tras el hallazgo de un hombre y su hijo de aproximadamente un a\u00f1o de edad, quienes perdieron la vida en circunstancias no esclarecidas.&nbsp;&nbsp;<\/p>\n\n\n\n<p>De acuerdo con las informaciones preliminares, el hombre identificado como&nbsp;<strong>Melanio L\u00f3pez N\u00fa\u00f1ez<\/strong>&nbsp;se habr\u00eda ahorcado despu\u00e9s de presuntamente quitarle la vida al menor, por lo que las autoridades realizan las investigaciones como un posible caso de homicidio-suicidio.<\/p>\n\n\n\n<p>El hallazgo fue reportado en horas de la ma\u00f1ana del s\u00e1bado por residentes de la zona, quienes notificaron de inmediato a las autoridades.<\/p>\n","protected":false},"excerpt":{"rendered":"<p>De acuerdo con las informaciones preliminares, el hombre identificado como Melanio L\u00f3pez N\u00fa\u00f1ez, se habr\u00eda ahorcado despu\u00e9s de presuntamente quitarle la vida al menor. Con gran consternaci\u00f3n se encuentra la comunidad de Telanza, en el municipio El Factor (provincia Mar\u00eda Trinidad S\u00e1nchez), tras el hallazgo de un hombre y su hijo de aproximadamente un a\u00f1o [&hellip;]<\/p>\n","protected":false},"author":1,"featured_media":75998,"comment_status":"open","ping_status":"open","sticky":false,"template":"","format":"standard","meta":{"footnotes":""},"categories":[53,44],"tags":[],"class_list":["post-75997","post","type-post","status-publish","format-standard","has-post-thumbnail","hentry","category-provincias","category-republica-dominicana"],"_links":{"self":[{"href":"https:\/\/2horizontes.com\/index.php?rest_route=\/wp\/v2\/posts\/75997","targetHints":{"allow":["GET"]}}],"collection":[{"href":"https:\/\/2horizontes.com\/index.php?rest_route=\/wp\/v2\/posts"}],"about":[{"href":"https:\/\/2horizontes.com\/index.php?rest_route=\/wp\/v2\/types\/post"}],"author":[{"embeddable":true,"href":"https:\/\/2horizontes.com\/index.php?rest_route=\/wp\/v2\/users\/1"}],"replies":[{"embeddable":true,"href":"https:\/\/2horizontes.com\/index.php?rest_route=%2Fwp%2Fv2%2Fcomments&post=75997"}],"version-history":[{"count":1,"href":"https:\/\/2horizontes.com\/index.php?rest_route=\/wp\/v2\/posts\/75997\/revisions"}],"predecessor-version":[{"id":75999,"href":"https:\/\/2horizontes.com\/index.php?rest_route=\/wp\/v2\/posts\/75997\/revisions\/75999"}],"wp:featuredmedia":[{"embeddable":true,"href":"https:\/\/2horizontes.com\/index.php?rest_route=\/wp\/v2\/media\/75998"}],"wp:attachment":[{"href":"https:\/\/2horizontes.com\/index.php?rest_route=%2Fwp%2Fv2%2Fmedia&parent=75997"}],"wp:term":[{"taxonomy":"category","embeddable":true,"href":"https:\/\/2horizontes.com\/index.php?rest_route=%2Fwp%2Fv2%2Fcategories&post=75997"},{"taxonomy":"post_tag","embeddable":true,"href":"https:\/\/2horizontes.com\/index.php?rest_route=%2Fwp%2Fv2%2Ftags&post=75997"}],"curies":[{"name":"wp","href":"https:\/\/api.w.org\/{rel}","templated":true}]}}