{"id":75994,"date":"2025-08-11T21:06:40","date_gmt":"2025-08-11T20:06:40","guid":{"rendered":"https:\/\/2horizontes.com\/?p=75994"},"modified":"2025-08-11T21:06:43","modified_gmt":"2025-08-11T20:06:43","slug":"leonel-opina-el-prm-es-el-gran-fracaso-de-politica-dominicana","status":"publish","type":"post","link":"https:\/\/2horizontes.com\/?p=75994","title":{"rendered":"Leonel opina el PRM es \u201cel gran fracaso\u201d de pol\u00edtica dominicana"},"content":{"rendered":"\n<p>SANTO DOMINGO.- El presidente de la Fuerza del Pueblo (FP), Leonel Fern\u00e1ndez, opin\u00f3 este domingo que el Partido Revolucionario Moderno (PRM), es \u201cel gran fracaso de la pol\u00edtica dominicana\u201d porque prometi\u00f3 un cambio y \u00e9ste&nbsp;no se ha producido.<\/p>\n\n\n\n<p>Fern\u00e1ndez habl\u00f3 en un encuentro-almuerzo de la nueva organizaci\u00f3n del dirigente pol\u00edtico Carlos Amarante Baret denominada AVANCEMOS.<\/p>\n\n\n\n<p><strong>CITA ESTADISTICAS<\/strong><\/p>\n\n\n\n<p>Citando estad\u00edsticas del Banco Central, el expresidente dominicano dijo que \u201cen el primer semestre del a\u00f1o la econom\u00eda solo creci\u00f3 un 2,7% y en junio &nbsp;solo 1,2%\u00bb.<\/p>\n\n\n\n<p>Agreg\u00f3: \u00abYa es imposible seguir maquillando las cifras, la construcci\u00f3n est\u00e1 paralizada, el dinero no circula, hay una crisis de agua y largas tandas apagones que afectan al pueblo y 500 escuelas sin construir\u201d.<\/p>\n\n\n\n<p><strong>SALUDA SURGIMIENTO AVANCEMOS<\/strong><\/p>\n\n\n\n<p>Salud\u00f3 el surgimiento de AVANCEMOS y dijo que junto a la Fuerza del Pueblo recorrer\u00e1 los barrios y campos del pa\u00eds, porque el objetivo de ambas organizaciones es vincularse a los sectores populares.<\/p>\n\n\n\n<p>Dijo que \u201cAVANCEMOS nace con un prop\u00f3sito, con una causa enraizada en un proceso hist\u00f3rico que nos antecede y apoy\u00e1ndose en \u00e9l, darle un espacio de progreso y de avance a la mayor\u00eda del pueblo dominicano\u201d.<\/p>\n\n\n\n<p>Por su parte, Amarante Baret agradeci\u00f3 a Fern\u00e1ndez su asistencia a la actividad.<\/p>\n\n\n\n<p>Declaro que \u201cestamos trabajando para crear las condiciones para que la oposici\u00f3n gane las elecciones municipales, congresuales y presidenciales del 2028\u201d.<\/p>\n\n\n\n<p>\u201cVemos con buenos ojos que la Fuerza del Pueblo y usted, lideren la oposici\u00f3n a este desgobierno del PRM\u201d, dijo.<\/p>\n\n\n\n<p><strong>ASISTENTES<\/strong><\/p>\n\n\n\n<p>Fern\u00e1ndez estuvo acompa\u00f1ado del vicepresidente de la FP, Radahm\u00e9s Jim\u00e9nez, y de los dirigentes Nicol\u00e1s Calderon, C\u00e9sar Fern\u00e1ndez, Franklin Rodr\u00edguez y Nathanel Concepci\u00f3n.<\/p>\n\n\n\n<p>Por AVANCEMOS participaron Claudia Rita Abr\u00e9u, Winton Juma, Vladimir C\u00e9spedes, Jos\u00e9 Garc\u00eda, Israel Aquino, Anny Ram\u00edrez, Carlos Alberto Amarante Garc\u00eda, Rafael Hern\u00e1ndez, Christian Ramos, Josefa Reyes y todos los miembros del Consejo Nacional de esta entidad.<\/p>\n","protected":false},"excerpt":{"rendered":"<p>SANTO DOMINGO.- El presidente de la Fuerza del Pueblo (FP), Leonel Fern\u00e1ndez, opin\u00f3 este domingo que el Partido Revolucionario Moderno (PRM), es \u201cel gran fracaso de la pol\u00edtica dominicana\u201d porque prometi\u00f3 un cambio y \u00e9ste&nbsp;no se ha producido. Fern\u00e1ndez habl\u00f3 en un encuentro-almuerzo de la nueva organizaci\u00f3n del dirigente pol\u00edtico Carlos Amarante Baret denominada AVANCEMOS. [&hellip;]<\/p>\n","protected":false},"author":1,"featured_media":75995,"comment_status":"open","ping_status":"open","sticky":false,"template":"","format":"standard","meta":{"footnotes":""},"categories":[44],"tags":[],"class_list":["post-75994","post","type-post","status-publish","format-standard","has-post-thumbnail","hentry","category-republica-dominicana"],"_links":{"self":[{"href":"https:\/\/2horizontes.com\/index.php?rest_route=\/wp\/v2\/posts\/75994","targetHints":{"allow":["GET"]}}],"collection":[{"href":"https:\/\/2horizontes.com\/index.php?rest_route=\/wp\/v2\/posts"}],"about":[{"href":"https:\/\/2horizontes.com\/index.php?rest_route=\/wp\/v2\/types\/post"}],"author":[{"embeddable":true,"href":"https:\/\/2horizontes.com\/index.php?rest_route=\/wp\/v2\/users\/1"}],"replies":[{"embeddable":true,"href":"https:\/\/2horizontes.com\/index.php?rest_route=%2Fwp%2Fv2%2Fcomments&post=75994"}],"version-history":[{"count":1,"href":"https:\/\/2horizontes.com\/index.php?rest_route=\/wp\/v2\/posts\/75994\/revisions"}],"predecessor-version":[{"id":75996,"href":"https:\/\/2horizontes.com\/index.php?rest_route=\/wp\/v2\/posts\/75994\/revisions\/75996"}],"wp:featuredmedia":[{"embeddable":true,"href":"https:\/\/2horizontes.com\/index.php?rest_route=\/wp\/v2\/media\/75995"}],"wp:attachment":[{"href":"https:\/\/2horizontes.com\/index.php?rest_route=%2Fwp%2Fv2%2Fmedia&parent=75994"}],"wp:term":[{"taxonomy":"category","embeddable":true,"href":"https:\/\/2horizontes.com\/index.php?rest_route=%2Fwp%2Fv2%2Fcategories&post=75994"},{"taxonomy":"post_tag","embeddable":true,"href":"https:\/\/2horizontes.com\/index.php?rest_route=%2Fwp%2Fv2%2Ftags&post=75994"}],"curies":[{"name":"wp","href":"https:\/\/api.w.org\/{rel}","templated":true}]}}