{"id":75984,"date":"2025-05-16T17:07:07","date_gmt":"2025-05-16T16:07:07","guid":{"rendered":"https:\/\/2horizontes.com\/?p=75984"},"modified":"2025-05-16T17:07:10","modified_gmt":"2025-05-16T16:07:10","slug":"comunitarios-rescataron-con-vida-a-nina-que-cayo-en-alcantarilla-en-san-cristobal","status":"publish","type":"post","link":"https:\/\/2horizontes.com\/?p=75984","title":{"rendered":"Comunitarios rescataron con vida a ni\u00f1a que cay\u00f3 en alcantarilla en San Crist\u00f3bal"},"content":{"rendered":"\n<p>\u00abLo que la Polic\u00eda, ni la Defensa Civil, ni los bomberos pudieron hacer\u00bb, vociferaron algunas de las personas que estaban en el lugar al momento del rescate.<\/p>\n\n\n\n<p>Comunitarios del sector&nbsp;<strong>Lavapi\u00e9<\/strong>, ubicado en la provincia&nbsp;<strong>San Crist\u00f3bal<\/strong>, rescataron con vida a la ni\u00f1a de 13 a\u00f1os que la tarde del jueves cay\u00f3 a una alcantarilla.<\/p>\n\n\n\n<p>Seg\u00fan explic\u00f3 uno de los hombres que se introdujo a la alcantarilla en b\u00fasqueda de la menor de edad, entr\u00f3 con una linterna y se moviliz\u00f3 gateando.<\/p>\n\n\n\n<p>\u00abYo comenc\u00e9 a llamar a la ni\u00f1a\u2026.,&nbsp;<strong>al principio no se escuchaba nada hasta que pude avanzar aproximadamente una cuadra&nbsp;<\/strong>por debajo de la tierra y ah\u00ed pude escuchar a la ni\u00f1a\u00bb, detall\u00f3 el hombre.<\/p>\n","protected":false},"excerpt":{"rendered":"<p>\u00abLo que la Polic\u00eda, ni la Defensa Civil, ni los bomberos pudieron hacer\u00bb, vociferaron algunas de las personas que estaban en el lugar al momento del rescate. Comunitarios del sector&nbsp;Lavapi\u00e9, ubicado en la provincia&nbsp;San Crist\u00f3bal, rescataron con vida a la ni\u00f1a de 13 a\u00f1os que la tarde del jueves cay\u00f3 a una alcantarilla. Seg\u00fan explic\u00f3 [&hellip;]<\/p>\n","protected":false},"author":1,"featured_media":75985,"comment_status":"open","ping_status":"open","sticky":false,"template":"","format":"standard","meta":{"footnotes":""},"categories":[53,44],"tags":[],"class_list":["post-75984","post","type-post","status-publish","format-standard","has-post-thumbnail","hentry","category-provincias","category-republica-dominicana"],"_links":{"self":[{"href":"https:\/\/2horizontes.com\/index.php?rest_route=\/wp\/v2\/posts\/75984","targetHints":{"allow":["GET"]}}],"collection":[{"href":"https:\/\/2horizontes.com\/index.php?rest_route=\/wp\/v2\/posts"}],"about":[{"href":"https:\/\/2horizontes.com\/index.php?rest_route=\/wp\/v2\/types\/post"}],"author":[{"embeddable":true,"href":"https:\/\/2horizontes.com\/index.php?rest_route=\/wp\/v2\/users\/1"}],"replies":[{"embeddable":true,"href":"https:\/\/2horizontes.com\/index.php?rest_route=%2Fwp%2Fv2%2Fcomments&post=75984"}],"version-history":[{"count":1,"href":"https:\/\/2horizontes.com\/index.php?rest_route=\/wp\/v2\/posts\/75984\/revisions"}],"predecessor-version":[{"id":75986,"href":"https:\/\/2horizontes.com\/index.php?rest_route=\/wp\/v2\/posts\/75984\/revisions\/75986"}],"wp:featuredmedia":[{"embeddable":true,"href":"https:\/\/2horizontes.com\/index.php?rest_route=\/wp\/v2\/media\/75985"}],"wp:attachment":[{"href":"https:\/\/2horizontes.com\/index.php?rest_route=%2Fwp%2Fv2%2Fmedia&parent=75984"}],"wp:term":[{"taxonomy":"category","embeddable":true,"href":"https:\/\/2horizontes.com\/index.php?rest_route=%2Fwp%2Fv2%2Fcategories&post=75984"},{"taxonomy":"post_tag","embeddable":true,"href":"https:\/\/2horizontes.com\/index.php?rest_route=%2Fwp%2Fv2%2Ftags&post=75984"}],"curies":[{"name":"wp","href":"https:\/\/api.w.org\/{rel}","templated":true}]}}