{"id":75981,"date":"2025-05-16T15:58:21","date_gmt":"2025-05-16T14:58:21","guid":{"rendered":"https:\/\/2horizontes.com\/?p=75981"},"modified":"2025-05-16T15:58:25","modified_gmt":"2025-05-16T14:58:25","slug":"anuncian-lluvias-tormentas-electricas-y-rafagas-de-viento","status":"publish","type":"post","link":"https:\/\/2horizontes.com\/?p=75981","title":{"rendered":"Anuncian lluvias, tormentas el\u00e9ctricas y r\u00e1fagas de viento"},"content":{"rendered":"\n<p>SANTO DOMINGO.- El Instituto Dominicano de Meteorolog\u00eda (Indomet) anunci\u00f3 para este viernes lluvias, tormentas el\u00e9ctricas y r\u00e1fagas de viento.<\/p>\n\n\n\n<p>Dijo que los aguaceros son ocasionados por una vaguada y afectar\u00e1n principalmente las provincias La Altagracia, Hato Mayor, Mar\u00eda Trinidad S\u00e1nchez, Saman\u00e1, Monte Plata, El Gran Santo Domingo, San Crist\u00f3bal, Peravia, S\u00e1nchez Ram\u00edrez, Monse\u00f1or Noel, Barahona, Independencia, La Vega, Santiago, Valverde, Santiago Rodr\u00edguez, San Juan, El\u00edas Pi\u00f1a y Azua.<\/p>\n\n\n\n<p>Se espera que las precipitaciones disminuyan gradualmente en la noche.<\/p>\n\n\n\n<p>Las temperaturas estar\u00e1n agradables, sobre todo en zonas monta\u00f1osas y valles.<\/p>\n\n\n\n<p>A causa de las lluvias, las autoridades mantienen en alerta amarilla a Monte Plata, S\u00e1nchez Ram\u00edrez, Duarte (en especial el Bajo Yuna), San Crist\u00f3bal, Mar\u00eda Trinidad S\u00e1nchez y San Jos\u00e9 de Ocoa. En&nbsp;verde siguen Santo Domingo, El Seibo, El\u00edas Pi\u00f1a, Peravia, Distrito Nacional, San Pedro de Macor\u00eds, Hato Mayor, La Romana, Saman\u00e1 y La Altagracia.<\/p>\n","protected":false},"excerpt":{"rendered":"<p>SANTO DOMINGO.- El Instituto Dominicano de Meteorolog\u00eda (Indomet) anunci\u00f3 para este viernes lluvias, tormentas el\u00e9ctricas y r\u00e1fagas de viento. Dijo que los aguaceros son ocasionados por una vaguada y afectar\u00e1n principalmente las provincias La Altagracia, Hato Mayor, Mar\u00eda Trinidad S\u00e1nchez, Saman\u00e1, Monte Plata, El Gran Santo Domingo, San Crist\u00f3bal, Peravia, S\u00e1nchez Ram\u00edrez, Monse\u00f1or Noel, Barahona, [&hellip;]<\/p>\n","protected":false},"author":1,"featured_media":75982,"comment_status":"open","ping_status":"open","sticky":false,"template":"","format":"standard","meta":{"footnotes":""},"categories":[44],"tags":[],"class_list":["post-75981","post","type-post","status-publish","format-standard","has-post-thumbnail","hentry","category-republica-dominicana"],"_links":{"self":[{"href":"https:\/\/2horizontes.com\/index.php?rest_route=\/wp\/v2\/posts\/75981","targetHints":{"allow":["GET"]}}],"collection":[{"href":"https:\/\/2horizontes.com\/index.php?rest_route=\/wp\/v2\/posts"}],"about":[{"href":"https:\/\/2horizontes.com\/index.php?rest_route=\/wp\/v2\/types\/post"}],"author":[{"embeddable":true,"href":"https:\/\/2horizontes.com\/index.php?rest_route=\/wp\/v2\/users\/1"}],"replies":[{"embeddable":true,"href":"https:\/\/2horizontes.com\/index.php?rest_route=%2Fwp%2Fv2%2Fcomments&post=75981"}],"version-history":[{"count":1,"href":"https:\/\/2horizontes.com\/index.php?rest_route=\/wp\/v2\/posts\/75981\/revisions"}],"predecessor-version":[{"id":75983,"href":"https:\/\/2horizontes.com\/index.php?rest_route=\/wp\/v2\/posts\/75981\/revisions\/75983"}],"wp:featuredmedia":[{"embeddable":true,"href":"https:\/\/2horizontes.com\/index.php?rest_route=\/wp\/v2\/media\/75982"}],"wp:attachment":[{"href":"https:\/\/2horizontes.com\/index.php?rest_route=%2Fwp%2Fv2%2Fmedia&parent=75981"}],"wp:term":[{"taxonomy":"category","embeddable":true,"href":"https:\/\/2horizontes.com\/index.php?rest_route=%2Fwp%2Fv2%2Fcategories&post=75981"},{"taxonomy":"post_tag","embeddable":true,"href":"https:\/\/2horizontes.com\/index.php?rest_route=%2Fwp%2Fv2%2Ftags&post=75981"}],"curies":[{"name":"wp","href":"https:\/\/api.w.org\/{rel}","templated":true}]}}