{"id":75949,"date":"2025-04-01T22:57:22","date_gmt":"2025-04-01T21:57:22","guid":{"rendered":"https:\/\/2horizontes.com\/?p=75949"},"modified":"2025-04-01T22:57:26","modified_gmt":"2025-04-01T21:57:26","slug":"muere-estudiante-dominicana-becada-en-espana-mescyt-lamenta-su-fallecimiento","status":"publish","type":"post","link":"https:\/\/2horizontes.com\/?p=75949","title":{"rendered":"Muere estudiante dominicana becada en Espa\u00f1a; Mescyt lamenta su fallecimiento"},"content":{"rendered":"\n<p>La joven, que falleci\u00f3 a causa de un infarto, fue identificada como Ashley Ver\u00f3nica Medina Lantigua<\/p>\n\n\n\n<p>Una&nbsp;<strong>estudiante dominicana&nbsp;<\/strong>que cursaba una maestr\u00eda en&nbsp;<strong>Espa\u00f1a<\/strong>&nbsp;muri\u00f3 a causa de un infarto fulminante, inform\u00f3 este lunes el Ministerio de Educaci\u00f3n Superior, Ciencia y Tecnolog\u00eda (Mescyt).<\/p>\n\n\n\n<p>Se trata de la&nbsp;<strong>joven<\/strong>&nbsp;Ashley Ver\u00f3nica Medina Lantigua, quien cursaba una maestr\u00eda en&nbsp;<strong>Marketing Digital<\/strong>&nbsp;y Social Media en el Centro de Estudios Financieros (CEF) en&nbsp;<strong>Espa\u00f1a<\/strong>.<\/p>\n\n\n\n<p>A trav\u00e9s de sus\u00a0<strong>redes sociales<\/strong>, el Mescyt expres\u00f3 su pesar por el deceso de la becaria, al tiempo que envi\u00f3 sus\u00a0<strong>condolencias<\/strong>\u00a0a sus familiares y amigos.\u00a0<\/p>\n\n\n\n<p><\/p>\n","protected":false},"excerpt":{"rendered":"<p>La joven, que falleci\u00f3 a causa de un infarto, fue identificada como Ashley Ver\u00f3nica Medina Lantigua Una&nbsp;estudiante dominicana&nbsp;que cursaba una maestr\u00eda en&nbsp;Espa\u00f1a&nbsp;muri\u00f3 a causa de un infarto fulminante, inform\u00f3 este lunes el Ministerio de Educaci\u00f3n Superior, Ciencia y Tecnolog\u00eda (Mescyt). Se trata de la&nbsp;joven&nbsp;Ashley Ver\u00f3nica Medina Lantigua, quien cursaba una maestr\u00eda en&nbsp;Marketing Digital&nbsp;y Social Media [&hellip;]<\/p>\n","protected":false},"author":1,"featured_media":75950,"comment_status":"open","ping_status":"open","sticky":false,"template":"","format":"standard","meta":{"footnotes":""},"categories":[46,55,85],"tags":[],"class_list":["post-75949","post","type-post","status-publish","format-standard","has-post-thumbnail","hentry","category-dominicanos-en-madrid","category-educacion","category-espana"],"_links":{"self":[{"href":"https:\/\/2horizontes.com\/index.php?rest_route=\/wp\/v2\/posts\/75949","targetHints":{"allow":["GET"]}}],"collection":[{"href":"https:\/\/2horizontes.com\/index.php?rest_route=\/wp\/v2\/posts"}],"about":[{"href":"https:\/\/2horizontes.com\/index.php?rest_route=\/wp\/v2\/types\/post"}],"author":[{"embeddable":true,"href":"https:\/\/2horizontes.com\/index.php?rest_route=\/wp\/v2\/users\/1"}],"replies":[{"embeddable":true,"href":"https:\/\/2horizontes.com\/index.php?rest_route=%2Fwp%2Fv2%2Fcomments&post=75949"}],"version-history":[{"count":1,"href":"https:\/\/2horizontes.com\/index.php?rest_route=\/wp\/v2\/posts\/75949\/revisions"}],"predecessor-version":[{"id":75951,"href":"https:\/\/2horizontes.com\/index.php?rest_route=\/wp\/v2\/posts\/75949\/revisions\/75951"}],"wp:featuredmedia":[{"embeddable":true,"href":"https:\/\/2horizontes.com\/index.php?rest_route=\/wp\/v2\/media\/75950"}],"wp:attachment":[{"href":"https:\/\/2horizontes.com\/index.php?rest_route=%2Fwp%2Fv2%2Fmedia&parent=75949"}],"wp:term":[{"taxonomy":"category","embeddable":true,"href":"https:\/\/2horizontes.com\/index.php?rest_route=%2Fwp%2Fv2%2Fcategories&post=75949"},{"taxonomy":"post_tag","embeddable":true,"href":"https:\/\/2horizontes.com\/index.php?rest_route=%2Fwp%2Fv2%2Ftags&post=75949"}],"curies":[{"name":"wp","href":"https:\/\/api.w.org\/{rel}","templated":true}]}}