{"id":75919,"date":"2025-02-25T14:53:37","date_gmt":"2025-02-25T13:53:37","guid":{"rendered":"https:\/\/2horizontes.com\/?p=75919"},"modified":"2025-02-25T14:53:40","modified_gmt":"2025-02-25T13:53:40","slug":"jose-maria-cabral-el-cine-dominicano-tiene-mucho-potencial-para-conectar-con-audiencias-mas-amplias","status":"publish","type":"post","link":"https:\/\/2horizontes.com\/?p=75919","title":{"rendered":"Jos\u00e9 Mar\u00eda Cabral: \u201cEl cine dominicano tiene mucho potencial para conectar con audiencias m\u00e1s amplias\u201d"},"content":{"rendered":"\n<p>Tiguere\u201d se titula su m\u00e1s reciente pel\u00edcula. Con ella iniciar\u00e1 un recorrido internacional demostrando que la propuesta dominicana tiene fuerza y creatividad<\/p>\n\n\n\n<p>Jos\u00e9 Mar\u00eda Cabral es un cineasta aclamado. Desde su \u00f3pera prima, \u201cJaque Mate\u201d, hasta la reci\u00e9n estrenada \u201cT\u00edguere\u201d, se ha dedicado a hacer de su cine una cr\u00f3nica del tiempo que le ha tocado vivir, sin olvidar una mirada al pasado reciente. No solo se ha conformado con el drama social (\u201cHotel Copelia\u201d), sino que ha incursionado en la comedia de ciencia ficci\u00f3n (Arrob\u00e1) y en el humor negro (Detective Willy).<\/p>\n\n\n\n<p>Tambi\u00e9n han sido notables sus cortometrajes y documentales, con los que ha ganado una importante audiencia entre las nuevas generaciones de cineastas y espectadores a trav\u00e9s de su mirada sensible e inter\u00e9s en temas de importancia social.<\/p>\n\n\n\n<p><\/p>\n\n\n\n<p><strong>&#8211; \u00bfCu\u00e1l es el elemento m\u00e1s importante con el que debe contar una buena pel\u00edcula?<\/strong><\/p>\n\n\n\n<p>La historia, sin duda. Una buena historia es el coraz\u00f3n de cualquier pel\u00edcula. Es lo que conecta al p\u00fablico emocionalmente, lo que lo hace reflexionar, cuestionar y sentir. Sin una historia s\u00f3lida, el resto de los elementos, por m\u00e1s t\u00e9cnicos o visualmente impactantes que sean, se quedan sin un prop\u00f3sito real.<\/p>\n\n\n\n<p><strong>&#8211; \u00bfCu\u00e1l es el aprendizaje m\u00e1s importante que has obtenido de todos tus a\u00f1os de carrera?<\/strong><\/p>\n\n\n\n<p>Aprender a transmitir sensaciones m\u00e1s all\u00e1 de lo visual, como el olfato y la temperatura. Lo aprend\u00ed en \u201cCarpinteros\u201d, que ten\u00eda que transmitir como se sent\u00eda la c\u00e1rcel de Najayo y La Victoria. Lograr que el espectador no solo vea, sino que tambi\u00e9n pueda casi oler un lugar o sentir el fr\u00edo o el calor de una escena. Es una habilidad que requiere mucha sutileza, pero cuando se logra, la experiencia se vuelve mucho m\u00e1s inmersiva.<\/p>\n\n\n\n<p><strong>\u00bfA qu\u00e9 retos te has tenido que enfrentar para hacer cine en Rep\u00fablica Dominicana?<\/strong><\/p>\n\n\n\n<p>El t\u00edpico: buscar financiamiento. No es un camino f\u00e1cil, y muchas veces requiere creatividad no solo a la hora de contar la historia, sino tambi\u00e9n en c\u00f3mo hacerla posible. Sin embargo, la Ley de Cine nos permite que sea un camino m\u00e1s seguro.<\/p>\n\n\n\n<p><strong>\u00bfQu\u00e9 deficiencias o aspectos a mejorar observas en el cine dominicano?<\/strong><\/p>\n\n\n\n<p>Un reto importante es seguir expandiendo nuestro p\u00fablico, tanto a nivel local como internacional. El cine dominicano tiene mucho potencial para conectar con audiencias m\u00e1s amplias.<\/p>\n\n\n\n<p><strong>\u00bfDe d\u00f3nde nacen tus ideas?<\/strong><\/p>\n\n\n\n<p>De distintos lugares. Puede ser un libro que le\u00ed, un podcast que escuch\u00e9, un art\u00edculo interesante o, muchas veces, una experiencia personal. Hasta una conversaci\u00f3n casual puede detonar en una pel\u00edcula. Me gusta estar siempre en modo observador, nunca se sabe de d\u00f3nde vendr\u00e1 la pr\u00f3xima idea.<\/p>\n\n\n\n<p><strong>\u00bfQu\u00e9 tan importante es la autenticidad y que se aprecien tus ra\u00edces en tus proyectos?<\/strong><\/p>\n\n\n\n<p>Es fundamental. Ser aut\u00e9ntico me permite crear desde un lugar genuino y conectar con la audiencia de una manera honesta. Mostrar mis ra\u00edces no es solo un orgullo personal, sino tambi\u00e9n una oportunidad para compartir mi cultura y mi perspectiva con el mundo.<\/p>\n\n\n\n<figure class=\"wp-block-image\" id=\"m31421-31420-31422\"><img decoding=\"async\" src=\"https:\/\/listindiario.com\/files\/vertical_main_image\/uploads\/2025\/02\/24\/67bd0ff458c24.jpeg\" alt=\"Escena de la pel\u00edcula &quot;T\u00edguere&quot;, del cineasta dominicano Jos\u00e9 Mar\u00eda Cabral.\"\/><figcaption class=\"wp-element-caption\">Escena de la pel\u00edcula \u00abT\u00edguere\u00bb, del cineasta dominicano Jos\u00e9 Mar\u00eda Cabral.<\/figcaption><\/figure>\n\n\n\n<p><strong>\u00bfTienes alguna experiencia personal que te haya inspirado en la creaci\u00f3n de T\u00edguere?<\/strong><\/p>\n\n\n\n<p>Claro, \u201cT\u00edguere\u201d nace de muchas vivencias personales. La historia toca temas de mi adolescencia, y aunque no es un reflejo directo de mi vida, hay muchas emociones y situaciones que parten de reflexiones personales. Es una manera de exorcizar esos recuerdos y convertirlos en algo m\u00e1s grande.<\/p>\n\n\n\n<p><strong>\u00bfQu\u00e9 te mueve a realizar este tipo de pel\u00edculas acerca de temas no tan explorados o que pueden incluso resaltar tab\u00fa en el cine dominicano?<\/strong><\/p>\n\n\n\n<p>Uno debe ser aut\u00e9ntico con uno mismo, como dec\u00eda la pregunta anterior. Para m\u00ed, contar historias es una forma de entender el mundo y de abrir conversaciones necesarias. Me atraen los temas que incomodan, que invitan a reflexionar o que muestran realidades menos evidentes. El cine tiene ese poder de poner un espejo frente a la sociedad.<\/p>\n\n\n\n<p><strong>\u00bfCu\u00e1l consideras que es el mayor da\u00f1o que enfrentan los ni\u00f1os o adolescentes al ser expuestos a la cultura de la masculinidad t\u00f3xica?<\/strong><\/p>\n\n\n\n<p>Pueden ser muchos da\u00f1os, pero uno de los m\u00e1s visibles es la autoestima, sin duda. La masculinidad t\u00f3xica impone expectativas r\u00edgidas y muchas veces inalcanzables. Los ni\u00f1os y\/o adolescentes que crecen bajo estas presiones suelen sentirse inadecuados o incapaces de expresar sus emociones libremente. Esto puede tener consecuencias profundas en su desarrollo emocional.<\/p>\n\n\n\n<p><strong>\u00bfC\u00f3mo fue el proceso de casting para encontrar a los actores y actrices de este proyecto?<\/strong><\/p>\n\n\n\n<p>Incre\u00edble. Tuvimos la suerte de contar con grandes actores que no solo entendieron la visi\u00f3n del proyecto, sino que les aportaron matices y profundidad a sus personajes. Fue un proceso muy enriquecedor, donde cada prueba de casting tra\u00eda nuevas sorpresas.<\/p>\n\n\n\n<p><strong>\u00bfEn qu\u00e9 proyectos se inspir\u00f3 esta pel\u00edcula?<\/strong><\/p>\n\n\n\n<p>Beau Travail fue una referencia importante. Me atrajo la manera en que la pel\u00edcula aborda la masculinidad y c\u00f3mo utiliza el lenguaje visual para contar una historia \u00edntima y poderosa. Quer\u00eda capturar esa mezcla de belleza y crudeza, y traerla a un contexto m\u00e1s local.<\/p>\n\n\n\n<p><strong>\u00bfQu\u00e9 otros proyectos te depara el futuro?<\/strong><\/p>\n\n\n\n<p>Ahora mismo estoy trabajando en el documental de La 42 de Capotillo. Es un documental que explora la vida en este emblem\u00e1tico barrio de Santo Domingo a trav\u00e9s de la m\u00fasica, el arte y las historias de sus habitantes. Me emociona mucho poder mostrar otra cara de nuestra realidad, llena de creatividad y resiliencia.<\/p>\n","protected":false},"excerpt":{"rendered":"<p>Tiguere\u201d se titula su m\u00e1s reciente pel\u00edcula. Con ella iniciar\u00e1 un recorrido internacional demostrando que la propuesta dominicana tiene fuerza y creatividad Jos\u00e9 Mar\u00eda Cabral es un cineasta aclamado. Desde su \u00f3pera prima, \u201cJaque Mate\u201d, hasta la reci\u00e9n estrenada \u201cT\u00edguere\u201d, se ha dedicado a hacer de su cine una cr\u00f3nica del tiempo que le ha [&hellip;]<\/p>\n","protected":false},"author":1,"featured_media":75920,"comment_status":"open","ping_status":"open","sticky":false,"template":"","format":"standard","meta":{"footnotes":""},"categories":[62,1,44],"tags":[],"class_list":["post-75919","post","type-post","status-publish","format-standard","has-post-thumbnail","hentry","category-cultura","category-entretenimiento","category-republica-dominicana"],"_links":{"self":[{"href":"https:\/\/2horizontes.com\/index.php?rest_route=\/wp\/v2\/posts\/75919","targetHints":{"allow":["GET"]}}],"collection":[{"href":"https:\/\/2horizontes.com\/index.php?rest_route=\/wp\/v2\/posts"}],"about":[{"href":"https:\/\/2horizontes.com\/index.php?rest_route=\/wp\/v2\/types\/post"}],"author":[{"embeddable":true,"href":"https:\/\/2horizontes.com\/index.php?rest_route=\/wp\/v2\/users\/1"}],"replies":[{"embeddable":true,"href":"https:\/\/2horizontes.com\/index.php?rest_route=%2Fwp%2Fv2%2Fcomments&post=75919"}],"version-history":[{"count":1,"href":"https:\/\/2horizontes.com\/index.php?rest_route=\/wp\/v2\/posts\/75919\/revisions"}],"predecessor-version":[{"id":75921,"href":"https:\/\/2horizontes.com\/index.php?rest_route=\/wp\/v2\/posts\/75919\/revisions\/75921"}],"wp:featuredmedia":[{"embeddable":true,"href":"https:\/\/2horizontes.com\/index.php?rest_route=\/wp\/v2\/media\/75920"}],"wp:attachment":[{"href":"https:\/\/2horizontes.com\/index.php?rest_route=%2Fwp%2Fv2%2Fmedia&parent=75919"}],"wp:term":[{"taxonomy":"category","embeddable":true,"href":"https:\/\/2horizontes.com\/index.php?rest_route=%2Fwp%2Fv2%2Fcategories&post=75919"},{"taxonomy":"post_tag","embeddable":true,"href":"https:\/\/2horizontes.com\/index.php?rest_route=%2Fwp%2Fv2%2Ftags&post=75919"}],"curies":[{"name":"wp","href":"https:\/\/api.w.org\/{rel}","templated":true}]}}