{"id":75904,"date":"2025-02-25T13:08:17","date_gmt":"2025-02-25T12:08:17","guid":{"rendered":"https:\/\/2horizontes.com\/?p=75904"},"modified":"2025-02-25T13:08:20","modified_gmt":"2025-02-25T12:08:20","slug":"sismo-de-magnitud-5-8-sacude-el-atlantico-cerca-de-rep-dom","status":"publish","type":"post","link":"https:\/\/2horizontes.com\/?p=75904","title":{"rendered":"Sismo de magnitud 5.8 sacude el Atl\u00e1ntico, cerca de Rep. Dom."},"content":{"rendered":"\n<p>SANTO DOMINGO.- Un sismo de magnitud 5.8 fue registrado la madrugada de este martes en el oc\u00e9ano Atl\u00e1ntico.<\/p>\n\n\n\n<p>Ocurri\u00f3 a las 1:48 de la ma\u00f1ana (hora local), a 87 kil\u00f3metros de la costa de Rep\u00fablica Dominicana, seg\u00fan&nbsp;el Centro Nacional de Sismolog\u00eda.<\/p>\n\n\n\n<p>El movimiento, que tuvo una profundidad de 46 kil\u00f3metros, fue sentido en varias localidades del pa\u00eds y zonas cercanas de Puerto Rico.<\/p>\n\n\n\n<p>Hasta el momento, no hay reporte de da\u00f1os significativos ni v\u00edctimas.<\/p>\n\n\n\n<p>El evento gener\u00f3 preocupaci\u00f3n entre habitantes de zonas costeras y urbanas.<\/p>\n\n\n\n<p>Organismos de emergencia han reiterado la importancia de estar preparados ante cualquier eventualidad s\u00edsmica.<\/p>\n","protected":false},"excerpt":{"rendered":"<p>SANTO DOMINGO.- Un sismo de magnitud 5.8 fue registrado la madrugada de este martes en el oc\u00e9ano Atl\u00e1ntico. Ocurri\u00f3 a las 1:48 de la ma\u00f1ana (hora local), a 87 kil\u00f3metros de la costa de Rep\u00fablica Dominicana, seg\u00fan&nbsp;el Centro Nacional de Sismolog\u00eda. El movimiento, que tuvo una profundidad de 46 kil\u00f3metros, fue sentido en varias localidades [&hellip;]<\/p>\n","protected":false},"author":1,"featured_media":75905,"comment_status":"open","ping_status":"open","sticky":false,"template":"","format":"standard","meta":{"footnotes":""},"categories":[44],"tags":[],"class_list":["post-75904","post","type-post","status-publish","format-standard","has-post-thumbnail","hentry","category-republica-dominicana"],"_links":{"self":[{"href":"https:\/\/2horizontes.com\/index.php?rest_route=\/wp\/v2\/posts\/75904","targetHints":{"allow":["GET"]}}],"collection":[{"href":"https:\/\/2horizontes.com\/index.php?rest_route=\/wp\/v2\/posts"}],"about":[{"href":"https:\/\/2horizontes.com\/index.php?rest_route=\/wp\/v2\/types\/post"}],"author":[{"embeddable":true,"href":"https:\/\/2horizontes.com\/index.php?rest_route=\/wp\/v2\/users\/1"}],"replies":[{"embeddable":true,"href":"https:\/\/2horizontes.com\/index.php?rest_route=%2Fwp%2Fv2%2Fcomments&post=75904"}],"version-history":[{"count":1,"href":"https:\/\/2horizontes.com\/index.php?rest_route=\/wp\/v2\/posts\/75904\/revisions"}],"predecessor-version":[{"id":75906,"href":"https:\/\/2horizontes.com\/index.php?rest_route=\/wp\/v2\/posts\/75904\/revisions\/75906"}],"wp:featuredmedia":[{"embeddable":true,"href":"https:\/\/2horizontes.com\/index.php?rest_route=\/wp\/v2\/media\/75905"}],"wp:attachment":[{"href":"https:\/\/2horizontes.com\/index.php?rest_route=%2Fwp%2Fv2%2Fmedia&parent=75904"}],"wp:term":[{"taxonomy":"category","embeddable":true,"href":"https:\/\/2horizontes.com\/index.php?rest_route=%2Fwp%2Fv2%2Fcategories&post=75904"},{"taxonomy":"post_tag","embeddable":true,"href":"https:\/\/2horizontes.com\/index.php?rest_route=%2Fwp%2Fv2%2Ftags&post=75904"}],"curies":[{"name":"wp","href":"https:\/\/api.w.org\/{rel}","templated":true}]}}