{"id":75891,"date":"2025-02-25T12:35:35","date_gmt":"2025-02-25T11:35:35","guid":{"rendered":"https:\/\/2horizontes.com\/?p=75891"},"modified":"2025-02-25T12:35:37","modified_gmt":"2025-02-25T11:35:37","slug":"abinader-economia-soporta-subida-20-salarios-privados","status":"publish","type":"post","link":"https:\/\/2horizontes.com\/?p=75891","title":{"rendered":"Abinader: Econom\u00eda \u00absoporta\u00bb subida 20% salarios privados"},"content":{"rendered":"\n<p>Santo Domingo,  feb (EFE).- El presidente Luis Abinader afirm\u00f3 este lunes que la econom\u00eda dominicana \u00absoporta\u00bb un incremento del 20 % al salario m\u00ednimo en el sector privado no sectorizado, ratificando su posici\u00f3n en ese sentido.<\/p>\n\n\n\n<p>\u00abLa participaci\u00f3n del gobierno siempre tiene que ser de equilibrio y de justicia. Hoy el sector empresarial propuso un 10 %, el sector sindical creo que hab\u00eda propuesto un 30 %. Nosotros creemos que debe ser de un 20 %. Esa en nuestra posici\u00f3n y la mantenemos\u00bb, dijo el gobernante.<\/p>\n\n\n\n<p><strong>GOBIERNO REALIZA ESTUDIOS SOBRE EL TEMA<\/strong><\/p>\n\n\n\n<p>Abinader, quien habl\u00f3 en su acostumbrada rueda de prensa de los lunes en el Palacio Nacional, afirm\u00f3 que el aumento que estima el gobierno est\u00e1 basado en estudios realizados en ese sentido.<\/p>\n\n\n\n<p>El sector empresarial propuso este lunes un aumento de un 10 % al salario m\u00ednimo en el sector privado no sectorizado, inferior al 20 % que sugiri\u00f3 Abinader y al 30 % que aspiran los sindicatos.<\/p>\n\n\n\n<p><strong>LA PROPUESTA DE LOS SECTORES SERA CONOCIDA ESTE MARTES<\/strong><\/p>\n\n\n\n<p>Los empresarios tomaron en cuenta la inflaci\u00f3n de 2023 y 2024, a lo que sumaron \u00abun por ciento de productividad y un por ciento adicional\u00bb, dando como resultado un 10 %, explic\u00f3 la presidenta de la Confederaci\u00f3n Patronal de la Rep\u00fablica Dominicana (Copardom), Laura Pe\u00f1a Izquierdo, en una reuni\u00f3n del Consejo Nacional de Salarios.<\/p>\n\n\n\n<p>De inmediato, el presidente de la Confederaci\u00f3n Nacional de Trabajadores Dominicanos (CNTD), Jacobo Ramos, calific\u00f3 de \u00abprovocaci\u00f3n\u00bb la sugerencia de los empresarios.<\/p>\n\n\n\n<p>La propuesta ser\u00e1 conocida ma\u00f1ana, martes, cuando vuelva a reunirse el Consejo Nacional de Salarios.<\/p>\n\n\n\n<figure class=\"wp-block-embed is-type-rich is-provider-gestor-del-servicio wp-block-embed-gestor-del-servicio\"><div class=\"wp-block-embed__wrapper\">\nhttps:\/\/youtube.com\/watch?v=HokkEjTJaeY%3Fsi%3Dr8Mt623flg5_vuKZ\n<\/div><\/figure>\n","protected":false},"excerpt":{"rendered":"<p>Santo Domingo, feb (EFE).- El presidente Luis Abinader afirm\u00f3 este lunes que la econom\u00eda dominicana \u00absoporta\u00bb un incremento del 20 % al salario m\u00ednimo en el sector privado no sectorizado, ratificando su posici\u00f3n en ese sentido. \u00abLa participaci\u00f3n del gobierno siempre tiene que ser de equilibrio y de justicia. Hoy el sector empresarial propuso un [&hellip;]<\/p>\n","protected":false},"author":1,"featured_media":75893,"comment_status":"open","ping_status":"open","sticky":false,"template":"","format":"standard","meta":{"footnotes":""},"categories":[63,43,44],"tags":[],"class_list":["post-75891","post","type-post","status-publish","format-standard","has-post-thumbnail","hentry","category-economia","category-politica","category-republica-dominicana"],"_links":{"self":[{"href":"https:\/\/2horizontes.com\/index.php?rest_route=\/wp\/v2\/posts\/75891","targetHints":{"allow":["GET"]}}],"collection":[{"href":"https:\/\/2horizontes.com\/index.php?rest_route=\/wp\/v2\/posts"}],"about":[{"href":"https:\/\/2horizontes.com\/index.php?rest_route=\/wp\/v2\/types\/post"}],"author":[{"embeddable":true,"href":"https:\/\/2horizontes.com\/index.php?rest_route=\/wp\/v2\/users\/1"}],"replies":[{"embeddable":true,"href":"https:\/\/2horizontes.com\/index.php?rest_route=%2Fwp%2Fv2%2Fcomments&post=75891"}],"version-history":[{"count":1,"href":"https:\/\/2horizontes.com\/index.php?rest_route=\/wp\/v2\/posts\/75891\/revisions"}],"predecessor-version":[{"id":75894,"href":"https:\/\/2horizontes.com\/index.php?rest_route=\/wp\/v2\/posts\/75891\/revisions\/75894"}],"wp:featuredmedia":[{"embeddable":true,"href":"https:\/\/2horizontes.com\/index.php?rest_route=\/wp\/v2\/media\/75893"}],"wp:attachment":[{"href":"https:\/\/2horizontes.com\/index.php?rest_route=%2Fwp%2Fv2%2Fmedia&parent=75891"}],"wp:term":[{"taxonomy":"category","embeddable":true,"href":"https:\/\/2horizontes.com\/index.php?rest_route=%2Fwp%2Fv2%2Fcategories&post=75891"},{"taxonomy":"post_tag","embeddable":true,"href":"https:\/\/2horizontes.com\/index.php?rest_route=%2Fwp%2Fv2%2Ftags&post=75891"}],"curies":[{"name":"wp","href":"https:\/\/api.w.org\/{rel}","templated":true}]}}