{"id":75868,"date":"2025-01-15T13:23:40","date_gmt":"2025-01-15T12:23:40","guid":{"rendered":"https:\/\/2horizontes.com\/?p=75868"},"modified":"2025-01-15T13:24:09","modified_gmt":"2025-01-15T12:24:09","slug":"ntensificaran-operativos-para-garantizar-orden-publico-en-rd","status":"publish","type":"post","link":"https:\/\/2horizontes.com\/?p=75868","title":{"rendered":"Intensificar\u00e1n operativos para garantizar orden p\u00fablico en RD"},"content":{"rendered":"\n<p>SANTO DOMINGO.- La Fuerza de Tarea Conjunta (FTC) intensificar\u00e1 sus operaciones en Rep\u00fablica Dominicana mediante el programa \u00abGarant\u00eda de Paz\u00bb, con el fin de hacer cumplir la ley y defender el orden p\u00fablico.<\/p>\n\n\n\n<p>La ministra de Interior y Polic\u00eda, Faride Raful, reiter\u00f3 la importancia de cumplir con las normativas para garantizar un orden y tener mayor paz social. \u00abDebemos aprender a vivir en leg\u00edtima convivencia, respetando a nuestros vecinos, sin afectar absolutamente a nadie\u201d, expres\u00f3 la funcionaria.<\/p>\n\n\n\n<p>Inform\u00f3 que se mantendr\u00e1n las medidas sobre la regulaci\u00f3n del expendio de bebidas alcoh\u00f3licas y destac\u00f3 su impacto en la reducci\u00f3n de la tasa de homicidios.<\/p>\n\n\n\n<p>Asimismo, asegur\u00f3 que ning\u00fan caso de abuso o delito que involucre a miembros de la Polic\u00eda Nacional quedar\u00e1 impune.<\/p>\n\n\n\n<p>En ese sentido, trascendi\u00f3 que 49 agentes fueron sometidos a la justicia por su vinculaci\u00f3n con actos indebidos el a\u00f1o pasado.<\/p>\n","protected":false},"excerpt":{"rendered":"<p>SANTO DOMINGO.- La Fuerza de Tarea Conjunta (FTC) intensificar\u00e1 sus operaciones en Rep\u00fablica Dominicana mediante el programa \u00abGarant\u00eda de Paz\u00bb, con el fin de hacer cumplir la ley y defender el orden p\u00fablico. La ministra de Interior y Polic\u00eda, Faride Raful, reiter\u00f3 la importancia de cumplir con las normativas para garantizar un orden y tener [&hellip;]<\/p>\n","protected":false},"author":1,"featured_media":75869,"comment_status":"open","ping_status":"open","sticky":false,"template":"","format":"standard","meta":{"footnotes":""},"categories":[43,44],"tags":[],"class_list":["post-75868","post","type-post","status-publish","format-standard","has-post-thumbnail","hentry","category-politica","category-republica-dominicana"],"_links":{"self":[{"href":"https:\/\/2horizontes.com\/index.php?rest_route=\/wp\/v2\/posts\/75868","targetHints":{"allow":["GET"]}}],"collection":[{"href":"https:\/\/2horizontes.com\/index.php?rest_route=\/wp\/v2\/posts"}],"about":[{"href":"https:\/\/2horizontes.com\/index.php?rest_route=\/wp\/v2\/types\/post"}],"author":[{"embeddable":true,"href":"https:\/\/2horizontes.com\/index.php?rest_route=\/wp\/v2\/users\/1"}],"replies":[{"embeddable":true,"href":"https:\/\/2horizontes.com\/index.php?rest_route=%2Fwp%2Fv2%2Fcomments&post=75868"}],"version-history":[{"count":2,"href":"https:\/\/2horizontes.com\/index.php?rest_route=\/wp\/v2\/posts\/75868\/revisions"}],"predecessor-version":[{"id":75871,"href":"https:\/\/2horizontes.com\/index.php?rest_route=\/wp\/v2\/posts\/75868\/revisions\/75871"}],"wp:featuredmedia":[{"embeddable":true,"href":"https:\/\/2horizontes.com\/index.php?rest_route=\/wp\/v2\/media\/75869"}],"wp:attachment":[{"href":"https:\/\/2horizontes.com\/index.php?rest_route=%2Fwp%2Fv2%2Fmedia&parent=75868"}],"wp:term":[{"taxonomy":"category","embeddable":true,"href":"https:\/\/2horizontes.com\/index.php?rest_route=%2Fwp%2Fv2%2Fcategories&post=75868"},{"taxonomy":"post_tag","embeddable":true,"href":"https:\/\/2horizontes.com\/index.php?rest_route=%2Fwp%2Fv2%2Ftags&post=75868"}],"curies":[{"name":"wp","href":"https:\/\/api.w.org\/{rel}","templated":true}]}}