{"id":75846,"date":"2024-11-05T17:26:17","date_gmt":"2024-11-05T16:26:17","guid":{"rendered":"https:\/\/2horizontes.com\/?p=75846"},"modified":"2024-11-05T17:26:42","modified_gmt":"2024-11-05T16:26:42","slug":"al-grito-de-asesinos-y-arrojandoles-barro-reciben-en-valencia-a-los-reyes-al-presidente-del-gobierno-regional-y-al-de-espana-durante-su-visita-a-la-zona-cero-de-la-tragedia","status":"publish","type":"post","link":"https:\/\/2horizontes.com\/?p=75846","title":{"rendered":"Al grito de \u00abasesinos\u00bb y arroj\u00e1ndoles barro reciben en Valencia a los reyes, al presidente del gobierno regional y al de Espa\u00f1a durante su visita a la \u00abzona cero\u00bb de la tragedia"},"content":{"rendered":"<div class=\"bbc-19j92fr ebmt73l0\" dir=\"ltr\">\n<p class=\"bbc-hhl7in e17g058b0\" dir=\"ltr\"><b>La ira de los afectados por las lluvias torrenciales en Valencia esta semana se expres\u00f3 este domingo directamente contra las autoridades durante la visita que hicieron a la \u00abzona cero\u00bb de la tragedia el presidente regional, Carlos Maz\u00f3n, el del gobierno espa\u00f1ol, Pedro S\u00e1nchez, y el rey, Felipe VI.<\/b><\/p>\n<\/div>\n<div class=\"bbc-19j92fr ebmt73l0\" dir=\"ltr\">\n<p class=\"bbc-hhl7in e17g058b0\" dir=\"ltr\">Las lluvias han dejado m\u00e1s de 200 muertos pero hay centenares de desaparecidos, por lo que se teme que la cifra de fallecidos aumente mucho m\u00e1s.<\/p>\n<\/div>\n<div class=\"bbc-19j92fr ebmt73l0\" dir=\"ltr\">\n<p class=\"bbc-hhl7in e17g058b0\" dir=\"ltr\">Las m\u00e1ximas autoridades del pa\u00eds visitaron este domingo el terreno enfangado de dos de las localidades m\u00e1s afectadas de la regi\u00f3n valenciana (este de Espa\u00f1a) tras las torrenciales lluvias y el desbordamiento de r\u00edos que asolaron todo a su paso.<\/p>\n<\/div>\n<div class=\"bbc-19j92fr ebmt73l0\" dir=\"ltr\">\n<p class=\"bbc-hhl7in e17g058b0\" dir=\"ltr\">Seis d\u00edas despu\u00e9s, muchos afectados denuncian que la ayuda est\u00e1 tardando en llegar y culpan de ello a las disputas pol\u00edticas entre el gobierno regional que dirige Maz\u00f3n y el nacional que preside S\u00e1nchez<\/p>\n<div class=\"bbc-19j92fr ebmt73l0\" dir=\"ltr\">\n<p class=\"bbc-hhl7in e17g058b0\" dir=\"ltr\">Por ello, algunos de los afectados no se tomaron bien la visita y respondieron <b>lanzando barro y otros objetos y gritando \u00ab\u00a1asesinos, asesinos!\u00bb<\/b> a la comitiva.<\/p>\n<\/div>\n<div class=\"bbc-19j92fr ebmt73l0\" dir=\"ltr\">\n<p class=\"bbc-hhl7in e17g058b0\" dir=\"ltr\">En las im\u00e1genes se puede ver c\u00f3mo la guardia personal del rey protege con un paraguas al monarca y se ve tambi\u00e9n a la reina Letizia llorando con los afectados y con la cara manchada de barro.<\/p>\n<\/div>\n<div class=\"bbc-19j92fr ebmt73l0\" dir=\"ltr\">\n<p class=\"bbc-hhl7in e17g058b0\" dir=\"ltr\">En videos publicados en redes sociales se vio a varias personas atacando el auto del presidente Pedro S\u00e1nchez, que fue evacuado a un punto seguro, dijeron medios locales.<\/p>\n<\/div>\n<div class=\"bbc-19j92fr ebmt73l0\" dir=\"ltr\">\n<p class=\"bbc-hhl7in e17g058b0\" dir=\"ltr\">Felipe VI decidi\u00f3 permanecer en la zona hablando con los afectados, lo que gener\u00f3 no s\u00f3lo insultos sino tambi\u00e9n agradecimientos a su visita por haberse acercado a reconfortar a las v\u00edctimas.<\/p>\n<div class=\"bbc-19j92fr ebmt73l0\" dir=\"ltr\">\n<p class=\"bbc-hhl7in e17g058b0\" dir=\"ltr\">Al grito de \u00abdimisi\u00f3n\u00bb y \u00abfuera, fuera\u00bb, muchos se encararon con las autoridades, produci\u00e9ndose momentos muy tensos, sobre todo en los pueblos que registran mayor n\u00famero de muertos y que<b> lo achac\u00e1n a la mala planificaci\u00f3n.<\/b><\/p>\n<\/div>\n<div class=\"bbc-19j92fr ebmt73l0\" dir=\"ltr\">\n<p class=\"bbc-hhl7in e17g058b0\" dir=\"ltr\">Hay adem\u00e1s <b>malestar por la lenta respuesta de los servicios de emergencia y la coordinaci\u00f3n de la ayuda<\/b>.<\/p>\n<\/div>\n<div class=\"bbc-19j92fr ebmt73l0\" dir=\"ltr\">\n<p class=\"bbc-hhl7in e17g058b0\" dir=\"ltr\">El martes 29 de octubre, el d\u00eda de las lluvias, pese a que la Agencia Estatal de Meteorolog\u00eda elev\u00f3 al m\u00e1ximo su nivel de alerta en la ma\u00f1ana, <b>las autoridades locales no avisaron a tiempo a la poblaci\u00f3n, critican.<\/b><\/p>\n<\/div>\n<div class=\"bbc-19j92fr ebmt73l0\" dir=\"ltr\">\n<h2 id=\"Se-sab\u00eda-y-nadie-hizo-nada-por-evitarlo\" class=\"bbc-1f03ibc eglt09e0\" tabindex=\"-1\">\u00abSe sab\u00eda y nadie hizo nada por evitarlo\u00bb<\/h2>\n<\/div>\n<div class=\"bbc-19j92fr ebmt73l0\" dir=\"ltr\">\n<p class=\"bbc-hhl7in e17g058b0\" dir=\"ltr\">La agencia de protecci\u00f3n civil emiti\u00f3 una alerta de emergencia a los tel\u00e9fonos de los habitantes de la ciudad de Valencia y sus alrededores<b> despu\u00e9s de las 20:00 hora local del martes, cuando las inundaciones ya cubr\u00edan muchas zonas<\/b>.<\/p>\n<\/div>\n<div class=\"bbc-19j92fr ebmt73l0\" dir=\"ltr\">\n<p class=\"bbc-hhl7in e17g058b0\" dir=\"ltr\">Por su parte el gobierno central de Madrid tambi\u00e9n enfrenta cr\u00edticas por no haber movilizado al ej\u00e9rcito a tiempo y por <b>rechazar una oferta del gobierno franc\u00e9s de enviar 200 bomberos<\/b> para ayudar en las tareas de b\u00fasqueda y rescate.<\/p>\n<\/div>\n<div class=\"bbc-19j92fr ebmt73l0\" dir=\"ltr\">\n<p class=\"bbc-hhl7in e17g058b0\" dir=\"ltr\">Tambi\u00e9n se le achaca que no declare el estado de alarma, lo que le dar\u00eda las competencias en las labores de recuperaci\u00f3n y rescate.<\/p>\n<\/div>\n<div class=\"bbc-19j92fr ebmt73l0\" dir=\"ltr\">\n<p class=\"bbc-hhl7in e17g058b0\" dir=\"ltr\"><b>\u00abSe sab\u00eda y nadie hizo nada por evitarlo\u00bb, le dijo un joven al rey,<\/b> que insisti\u00f3 en quedarse a hablar con la gente pese a la agitaci\u00f3n, report\u00f3 la agencia Reuters.<\/p>\n<\/div>\n<div class=\"bbc-19j92fr ebmt73l0\" dir=\"ltr\">\n<p class=\"bbc-hhl7in e17g058b0\" dir=\"ltr\">En un momento de <b>la visita en Paiporta<\/b>, el monarca sostuvo en su hombro a un hombre que lloraba.<\/p>\n<\/div>\n<figure class=\"bbc-1qn0xuy\">\n<div class=\"bbc-18ywsw9\">\n<p><img loading=\"lazy\" decoding=\"async\" class=\"bbc-139onq\" src=\"https:\/\/ichef.bbci.co.uk\/ace\/ws\/640\/cpsprodpb\/8e00\/live\/4e5624b0-9a0f-11ef-9852-95dc1d6e0bb6.jpg.webp\" sizes=\"auto, (min-width: 1008px) 760px, 100vw\" srcset=\"https:\/\/ichef.bbci.co.uk\/ace\/ws\/240\/cpsprodpb\/8e00\/live\/4e5624b0-9a0f-11ef-9852-95dc1d6e0bb6.jpg.webp 240w, https:\/\/ichef.bbci.co.uk\/ace\/ws\/320\/cpsprodpb\/8e00\/live\/4e5624b0-9a0f-11ef-9852-95dc1d6e0bb6.jpg.webp 320w, https:\/\/ichef.bbci.co.uk\/ace\/ws\/480\/cpsprodpb\/8e00\/live\/4e5624b0-9a0f-11ef-9852-95dc1d6e0bb6.jpg.webp 480w, https:\/\/ichef.bbci.co.uk\/ace\/ws\/624\/cpsprodpb\/8e00\/live\/4e5624b0-9a0f-11ef-9852-95dc1d6e0bb6.jpg.webp 624w, https:\/\/ichef.bbci.co.uk\/ace\/ws\/800\/cpsprodpb\/8e00\/live\/4e5624b0-9a0f-11ef-9852-95dc1d6e0bb6.jpg.webp 800w\" alt=\"El rey con uno de los afectados\" width=\"1024\" height=\"576\" \/><\/p>\n<p class=\"bbc-by8ykd\" role=\"text\"><span class=\"bbc-m04vo2\">FUENTE DE LA IMAGEN, <\/span><span lang=\"en-GB\">GETTY IMAGES<\/span><\/p>\n<\/div><figcaption class=\"bbc-15f1ujd\" dir=\"ltr\"><span role=\"text\"><span class=\"bbc-m04vo2\">Pie de foto, <\/span><span data-testid=\"caption-paragraph\">No todo fueron cr\u00edticas. Varios de los aefctados agradecieron la presencia del rey.<\/span><\/span><\/figcaption><\/figure>\n<figure class=\"bbc-1qn0xuy\">\n<div class=\"bbc-18ywsw9\">\n<p><img loading=\"lazy\" decoding=\"async\" class=\"bbc-139onq\" src=\"https:\/\/ichef.bbci.co.uk\/ace\/ws\/640\/cpsprodpb\/5769\/live\/a96ea950-99ef-11ef-a5b4-915bb6d7e4b3.jpg.webp\" sizes=\"auto, (min-width: 1008px) 760px, 100vw\" srcset=\"https:\/\/ichef.bbci.co.uk\/ace\/ws\/240\/cpsprodpb\/5769\/live\/a96ea950-99ef-11ef-a5b4-915bb6d7e4b3.jpg.webp 240w, https:\/\/ichef.bbci.co.uk\/ace\/ws\/320\/cpsprodpb\/5769\/live\/a96ea950-99ef-11ef-a5b4-915bb6d7e4b3.jpg.webp 320w, https:\/\/ichef.bbci.co.uk\/ace\/ws\/480\/cpsprodpb\/5769\/live\/a96ea950-99ef-11ef-a5b4-915bb6d7e4b3.jpg.webp 480w, https:\/\/ichef.bbci.co.uk\/ace\/ws\/624\/cpsprodpb\/5769\/live\/a96ea950-99ef-11ef-a5b4-915bb6d7e4b3.jpg.webp 624w, https:\/\/ichef.bbci.co.uk\/ace\/ws\/800\/cpsprodpb\/5769\/live\/a96ea950-99ef-11ef-a5b4-915bb6d7e4b3.jpg.webp 800w\" alt=\"El rey Felipe VI saluda al presidente del gobierno, Pedro S\u00e1nchez. \" width=\"3499\" height=\"1969\" \/><\/p>\n<p class=\"bbc-by8ykd\" role=\"text\"><span class=\"bbc-m04vo2\">FUENTE DE LA IMAGEN, <\/span><span lang=\"en-GB\">EPA<\/span><\/p>\n<\/div><figcaption class=\"bbc-15f1ujd\" dir=\"ltr\"><span role=\"text\"><span class=\"bbc-m04vo2\">Pie de foto, <\/span><span data-testid=\"caption-paragraph\">La seguridad del presidente del Gobierno, Pedro S\u00e1nchez, decidi\u00f3 trasladarlo a un punto seguro tras las escenas de tensi\u00f3n. <\/span><\/span><\/figcaption><\/figure>\n<div class=\"bbc-19j92fr ebmt73l0\" dir=\"ltr\">\n<p class=\"bbc-hhl7in e17g058b0\" dir=\"ltr\">Parte de las competencias en la respuesta a la tragedia recae en la Comunidad Aut\u00f3noma, en la que gobierna el Partido Popular, y otras son del Estado, donde gobierna una coalici\u00f3n de partidos liderada por el Partido Socialista de Pedro S\u00e1nchez.<\/p>\n<\/div>\n<div class=\"bbc-19j92fr ebmt73l0\" dir=\"ltr\">\n<p class=\"bbc-hhl7in e17g058b0\" dir=\"ltr\"><b>\u201cEntiendo la indignaci\u00f3n social <\/b>y por supuesto me quedo a recibirla. Es mi obligaci\u00f3n pol\u00edtica y moral. La actitud del Rey esta ma\u00f1ana ha sido ejemplar\u201d, dijo Maz\u00f3n en la red social X.<\/p>\n<\/div>\n<div class=\"bbc-19j92fr ebmt73l0\" dir=\"ltr\">\n<p class=\"bbc-hhl7in e17g058b0\" dir=\"ltr\">S\u00e1nchez tambi\u00e9n se refiri\u00f3 a los incidentes: \u00abNo nos vamos a desviar pese a lo que pueda suceder en algunos momentos absolutamente marginales\u00bb.<\/p>\n<\/div>\n<div class=\"bbc-19j92fr ebmt73l0\" dir=\"ltr\">\n<p class=\"bbc-hhl7in e17g058b0\" dir=\"ltr\">\u00abEl conjunto de la ciudadan\u00eda valenciana y espa\u00f1ola lo que quiere es mirar hacia delante, sacar adelante sus vidas, con un enorme gesto de responsabilidad y solidaridad. Y eso es lo que vamos a hacer desde el gobierno de Espa\u00f1a, en coordinaci\u00f3n con el conjunto de instituciones tanto municipales, como provinciales, como del gobierno auton\u00f3mico de la Comunitad Valenciana\u00bb, agreg\u00f3.<\/p>\n<\/div>\n<div class=\"bbc-19j92fr ebmt73l0\" dir=\"ltr\">\n<p class=\"bbc-hhl7in e17g058b0\" dir=\"ltr\">La tragedia es ya la peor cat\u00e1strofe europea relacionada con inundaciones en un solo pa\u00eds desde 1967, cuando al menos unas 500 personas murieron en Portugal.<\/p>\n<\/div>\n<div class=\"bbc-19j92fr ebmt73l0\" dir=\"ltr\">\n<p class=\"bbc-hhl7in e17g058b0\" dir=\"ltr\"><b>Decenas de personas est\u00e1n en paradero desconocido, mientras que unos 3.000 hogares <\/b>siguen sin electricidad, seg\u00fan las autoridades. Adem\u00e1s hay numerosas infraestructuras da\u00f1adas e incalculables destrozos.<\/p>\n<\/div>\n<\/div>\n<p dir=\"ltr\">\n<\/div>\n","protected":false},"excerpt":{"rendered":"<p>La ira de los afectados por las lluvias torrenciales en Valencia esta semana se expres\u00f3 este domingo directamente contra las autoridades durante la visita que hicieron a la \u00abzona cero\u00bb de la tragedia el presidente regional, Carlos Maz\u00f3n, el del gobierno espa\u00f1ol, Pedro S\u00e1nchez, y el rey, Felipe VI. Las lluvias han dejado m\u00e1s de [&hellip;]<\/p>\n","protected":false},"author":1,"featured_media":75847,"comment_status":"open","ping_status":"open","sticky":false,"template":"","format":"standard","meta":{"footnotes":""},"categories":[85,53],"tags":[],"class_list":["post-75846","post","type-post","status-publish","format-standard","has-post-thumbnail","hentry","category-espana","category-provincias"],"_links":{"self":[{"href":"https:\/\/2horizontes.com\/index.php?rest_route=\/wp\/v2\/posts\/75846","targetHints":{"allow":["GET"]}}],"collection":[{"href":"https:\/\/2horizontes.com\/index.php?rest_route=\/wp\/v2\/posts"}],"about":[{"href":"https:\/\/2horizontes.com\/index.php?rest_route=\/wp\/v2\/types\/post"}],"author":[{"embeddable":true,"href":"https:\/\/2horizontes.com\/index.php?rest_route=\/wp\/v2\/users\/1"}],"replies":[{"embeddable":true,"href":"https:\/\/2horizontes.com\/index.php?rest_route=%2Fwp%2Fv2%2Fcomments&post=75846"}],"version-history":[{"count":2,"href":"https:\/\/2horizontes.com\/index.php?rest_route=\/wp\/v2\/posts\/75846\/revisions"}],"predecessor-version":[{"id":75849,"href":"https:\/\/2horizontes.com\/index.php?rest_route=\/wp\/v2\/posts\/75846\/revisions\/75849"}],"wp:featuredmedia":[{"embeddable":true,"href":"https:\/\/2horizontes.com\/index.php?rest_route=\/wp\/v2\/media\/75847"}],"wp:attachment":[{"href":"https:\/\/2horizontes.com\/index.php?rest_route=%2Fwp%2Fv2%2Fmedia&parent=75846"}],"wp:term":[{"taxonomy":"category","embeddable":true,"href":"https:\/\/2horizontes.com\/index.php?rest_route=%2Fwp%2Fv2%2Fcategories&post=75846"},{"taxonomy":"post_tag","embeddable":true,"href":"https:\/\/2horizontes.com\/index.php?rest_route=%2Fwp%2Fv2%2Ftags&post=75846"}],"curies":[{"name":"wp","href":"https:\/\/api.w.org\/{rel}","templated":true}]}}