{"id":75838,"date":"2024-10-31T23:13:24","date_gmt":"2024-10-31T22:13:24","guid":{"rendered":"https:\/\/2horizontes.com\/?p=75838"},"modified":"2024-10-31T23:13:24","modified_gmt":"2024-10-31T22:13:24","slug":"halloween-aterriza-en-tres-plazas-de-alicante","status":"publish","type":"post","link":"https:\/\/2horizontes.com\/?p=75838","title":{"rendered":"Halloween aterriza en tres plazas de Alicante"},"content":{"rendered":"<h2 class=\"v-a-sub-t\">Centenares de comercios de varios barrios decorar\u00e1n sus establecimientos de Halloween con motivos festivos ofreciendo a su vez promocione<\/h2>\n<p class=\"v-p\">El Ayuntamiento de Alicante celebrar\u00e1 Halloween con un programa de actividades los pr\u00f3ximos viernes 25 y 31 en las plazas Joaqu\u00edn M\u00aa L\u00f3pez, Argel y del Puente. Estas propuestas buscan revitalizar el sector comercial, fomentar la participaci\u00f3n ciudadana y la cohesi\u00f3n social en la zona y crear un ambiente propicio para el ocio y las compras.<\/p>\n<p class=\"v-p\">El primer evento se celebrar\u00e1 en la <strong>plaza Joaqu\u00edn M\u00aa L\u00f3pez<\/strong>, este viernes de 17 a 20 horas. Habr\u00e1 talleres terror\u00edficos, atracciones, juegos y actividades con animaciones y m\u00fasica. El siguiente evento ser\u00e1 en la <strong>plaza de Argel y en la del Puente<\/strong>, el viernes 31 en el mismo horario de tarde.<\/p>\n<p class=\"v-p\">Centenares de comercios de los tres barrios se sumar\u00e1n a esta campa\u00f1a del comercio local y decorar\u00e1n sus establecimientos de Halloween con motivos festivos ofreciendo a su vez promociones. Las actividades est\u00e1n dise\u00f1adas para todos los p\u00fablicos, con un enfoque especial en los m\u00e1s peque\u00f1os, quienes podr\u00e1n disfrutar de juegos y talleres creativos.<\/p>\n<p class=\"v-p\">\u00abCon estas iniciativas buscamos que las familias disfruten de un d\u00eda de ocio en nuestras plazas, al mismo tiempo apoyamos al comercio de proximidad y hacemos barrio, esperamos que como en otras ediciones sean un \u00e9xito\u00bb, manifiesta la concejala de Comercio, Lidia L\u00f3pez, adem\u00e1s de destacar que cada a\u00f1o se llevan a diferentes zonas de Alicante.<\/p>\n<p>&nbsp;<\/p>\n","protected":false},"excerpt":{"rendered":"<p>Centenares de comercios de varios barrios decorar\u00e1n sus establecimientos de Halloween con motivos festivos ofreciendo a su vez promocione El Ayuntamiento de Alicante celebrar\u00e1 Halloween con un programa de actividades los pr\u00f3ximos viernes 25 y 31 en las plazas Joaqu\u00edn M\u00aa L\u00f3pez, Argel y del Puente. Estas propuestas buscan revitalizar el sector comercial, fomentar la [&hellip;]<\/p>\n","protected":false},"author":1,"featured_media":75839,"comment_status":"open","ping_status":"open","sticky":false,"template":"","format":"standard","meta":{"footnotes":""},"categories":[62,85,53],"tags":[],"class_list":["post-75838","post","type-post","status-publish","format-standard","has-post-thumbnail","hentry","category-cultura","category-espana","category-provincias"],"_links":{"self":[{"href":"https:\/\/2horizontes.com\/index.php?rest_route=\/wp\/v2\/posts\/75838","targetHints":{"allow":["GET"]}}],"collection":[{"href":"https:\/\/2horizontes.com\/index.php?rest_route=\/wp\/v2\/posts"}],"about":[{"href":"https:\/\/2horizontes.com\/index.php?rest_route=\/wp\/v2\/types\/post"}],"author":[{"embeddable":true,"href":"https:\/\/2horizontes.com\/index.php?rest_route=\/wp\/v2\/users\/1"}],"replies":[{"embeddable":true,"href":"https:\/\/2horizontes.com\/index.php?rest_route=%2Fwp%2Fv2%2Fcomments&post=75838"}],"version-history":[{"count":1,"href":"https:\/\/2horizontes.com\/index.php?rest_route=\/wp\/v2\/posts\/75838\/revisions"}],"predecessor-version":[{"id":75840,"href":"https:\/\/2horizontes.com\/index.php?rest_route=\/wp\/v2\/posts\/75838\/revisions\/75840"}],"wp:featuredmedia":[{"embeddable":true,"href":"https:\/\/2horizontes.com\/index.php?rest_route=\/wp\/v2\/media\/75839"}],"wp:attachment":[{"href":"https:\/\/2horizontes.com\/index.php?rest_route=%2Fwp%2Fv2%2Fmedia&parent=75838"}],"wp:term":[{"taxonomy":"category","embeddable":true,"href":"https:\/\/2horizontes.com\/index.php?rest_route=%2Fwp%2Fv2%2Fcategories&post=75838"},{"taxonomy":"post_tag","embeddable":true,"href":"https:\/\/2horizontes.com\/index.php?rest_route=%2Fwp%2Fv2%2Ftags&post=75838"}],"curies":[{"name":"wp","href":"https:\/\/api.w.org\/{rel}","templated":true}]}}