{"id":75834,"date":"2024-10-31T23:05:58","date_gmt":"2024-10-31T22:05:58","guid":{"rendered":"https:\/\/2horizontes.com\/?p=75834"},"modified":"2024-10-31T23:06:10","modified_gmt":"2024-10-31T22:06:10","slug":"la-dana-se-cobra-ya-155-vidas-en-valencia-y-obliga-a-mazon-a-reclamar-ayuda-al-ejercito","status":"publish","type":"post","link":"https:\/\/2horizontes.com\/?p=75834","title":{"rendered":"La DANA se cobra ya 155 vidas en Valencia y obliga a Maz\u00f3n a reclamar ayuda al Ej\u00e9rcito"},"content":{"rendered":"<p class=\"v-a-epi\">La dimensi\u00f3n de la cat\u00e1strofe explica la petici\u00f3n de una medida excepcional mientras cunde el des\u00e1nimo entre los vecinos de los municipios afectados<\/p>\n<p class=\"v-p\">Valencia entera, de la capital al resto de la provincia pero sobre todo las poblaciones m\u00e1s golpeadas por la riada, amaneci\u00f3 este jueves con el \u00e1nimo encogido. Con el alma en suspenso, sus habitantes conten\u00edan la respiraci\u00f3n ante el temor de que los peores presagios se confirmaran, tanto en lo relativo a las vidas que se cobr\u00f3 la cat\u00e1strofe del martes, como en el impacto que tuvo sobre los bienes materiales y tambi\u00e9n sobre la moral colectiva. Esos sombr\u00edos pron\u00f3sticos no tardaron en cumplirse, dram\u00e1ticamente: Valencia est\u00e1 desbordada, por el impacto de la riada, pero tambi\u00e9n metaf\u00f3ricamente. El sentimiento generalizado es de desolaci\u00f3n, cercano a la desesperaci\u00f3n, y justifica la medida que acacaba de adoptar Carlos Maz\u00f3n: reclamar la ayuda al Ej\u00e9rcito.<\/p>\n<p class=\"v-p\">\u00abNo podemos todav\u00eda precisar los datos. Hay muchas personas desaparecidas. Ser\u00eda algo prematuro\u00bb: ya de buena ma\u00f1ana, estas palabras de Margarita Robles, ministra de Defensa, alud\u00eda al temor generalizado que se expande entre quienes protagonizan las tareas de rescate de damnificados por la riada y de ayuda a los municipios m\u00e1s directamente perjudicados, en declaraciones al programa &#8216;La mirada cr\u00edtica&#8217;, de Telecinco. Una reflexi\u00f3n que pon\u00eda voz a la inquietud con que hab\u00eda amanecido Valencia y las dem\u00e1s poblaciones arrasadas por el temporal que el martes seg\u00f3 m\u00e1s de un centenar de vidas: 155 muertos, en total, seg\u00fan el balance provisional reci\u00e9n hecho p\u00fablico por las autoridades que se ocupan de coordinar los servicios de emergencia. Un terror\u00edfico saldo de da\u00f1os en vidas humanas que convierte esta cat\u00e1strofe en la m\u00e1s tr\u00e1gica de nuestra historia: equivale para esta generaci\u00f3n al drama que supuso para nuestros padres y abuelos aquella triste riada del 57, que se cobr\u00f3 81 vidas.<\/p>\n<p class=\"v-p\">Durante la ma\u00f1ana se han ido sucediendo las manifestaciones de responsables gubernamentales, de distintas administraciones. El ministro de Transporte \u00d3scar Puente ha avanzado que no habr\u00e1 trenes de alta velocidad Madrid-Valencia durante \u00abdos o tres semanas\u00bb, durante una rueda de prensa en Madrid. Un grave contratiempo que se suma al colapso total de conexiones que sufre Valencia, que ha amanecido bloqueada: el acceso por las principales v\u00edas ha sido pr\u00e1cticamente imposible durante buena parte de la ma\u00f1ana. Llegar a la ciudad significaba someterse a formidables atascos, tanto por avenida del Cid y la continuaci\u00f3n hacia la A3, la pista de Silla, la conexi\u00f3n por Bioparc&#8230; El paisaje sigue siendo desolador, consecuencia tambi\u00e9n de que numerosos veh\u00edculos que se accidentaron durante la terrible jornada del martes todav\u00eda est\u00e1n pendientes de ser retirados del arc\u00e9n o la calzada. Una descorazonadora sensaci\u00f3n a la que contribuye saber que en medio de la desolaci\u00f3n, junto a ejemplares muestras de hero\u00edsmo, se registran casos de saqueo y pillaje en los comercios golpeados por la riada. Hay decenas de detenidos.<\/p>\n<p class=\"v-p\">El jefe del Consell ha sido otra de las autoridades que ha comparecido esta ma\u00f1ana para ofrecer detalles sobre la estrategia empleada frente al impacto del temporal; en concreto, ha informado de las ayudas expr\u00e9smovilizadas por su gobierno para atender a los damnificados, que se eleva a 250 millones de euros, ser\u00e1n compatibles con otras percepciones e incluir\u00e1n exenciones fiscales en el tramo auton\u00f3mico del IRPF y l\u00edneas de cr\u00e9dito del IVF a coste cero para los afectados. El prop\u00f3sito principal de este paquete de medidas, que el pleno del Consell tiene previsto aprobar el martes, se dirige a que los damnificados \u00abpuedan rehacer sus vidas\u00bb. Un objetivo que tardar\u00e1 en materializarse: quienes desde primera hora han conseguido acceder a los puntos m\u00e1s cr\u00edticos que arras\u00f3 la DANA manifiestan su horror y desolaci\u00f3n ante el paisaje que contemplan. Siguen adem\u00e1s las restricciones en movilidad as\u00ed como las anomal\u00edas en el servicio de luz y tel\u00e9fono que a\u00fan no se ha recuperado en las zonas m\u00e1s afectadas.<\/p>\n<p>&nbsp;<\/p>\n","protected":false},"excerpt":{"rendered":"<p>La dimensi\u00f3n de la cat\u00e1strofe explica la petici\u00f3n de una medida excepcional mientras cunde el des\u00e1nimo entre los vecinos de los municipios afectados Valencia entera, de la capital al resto de la provincia pero sobre todo las poblaciones m\u00e1s golpeadas por la riada, amaneci\u00f3 este jueves con el \u00e1nimo encogido. Con el alma en suspenso, [&hellip;]<\/p>\n","protected":false},"author":1,"featured_media":75836,"comment_status":"open","ping_status":"open","sticky":false,"template":"","format":"standard","meta":{"footnotes":""},"categories":[85,53],"tags":[],"class_list":["post-75834","post","type-post","status-publish","format-standard","has-post-thumbnail","hentry","category-espana","category-provincias"],"_links":{"self":[{"href":"https:\/\/2horizontes.com\/index.php?rest_route=\/wp\/v2\/posts\/75834","targetHints":{"allow":["GET"]}}],"collection":[{"href":"https:\/\/2horizontes.com\/index.php?rest_route=\/wp\/v2\/posts"}],"about":[{"href":"https:\/\/2horizontes.com\/index.php?rest_route=\/wp\/v2\/types\/post"}],"author":[{"embeddable":true,"href":"https:\/\/2horizontes.com\/index.php?rest_route=\/wp\/v2\/users\/1"}],"replies":[{"embeddable":true,"href":"https:\/\/2horizontes.com\/index.php?rest_route=%2Fwp%2Fv2%2Fcomments&post=75834"}],"version-history":[{"count":1,"href":"https:\/\/2horizontes.com\/index.php?rest_route=\/wp\/v2\/posts\/75834\/revisions"}],"predecessor-version":[{"id":75837,"href":"https:\/\/2horizontes.com\/index.php?rest_route=\/wp\/v2\/posts\/75834\/revisions\/75837"}],"wp:featuredmedia":[{"embeddable":true,"href":"https:\/\/2horizontes.com\/index.php?rest_route=\/wp\/v2\/media\/75836"}],"wp:attachment":[{"href":"https:\/\/2horizontes.com\/index.php?rest_route=%2Fwp%2Fv2%2Fmedia&parent=75834"}],"wp:term":[{"taxonomy":"category","embeddable":true,"href":"https:\/\/2horizontes.com\/index.php?rest_route=%2Fwp%2Fv2%2Fcategories&post=75834"},{"taxonomy":"post_tag","embeddable":true,"href":"https:\/\/2horizontes.com\/index.php?rest_route=%2Fwp%2Fv2%2Ftags&post=75834"}],"curies":[{"name":"wp","href":"https:\/\/api.w.org\/{rel}","templated":true}]}}