{"id":75815,"date":"2024-10-13T13:55:32","date_gmt":"2024-10-13T12:55:32","guid":{"rendered":"https:\/\/2horizontes.com\/?p=75815"},"modified":"2024-10-13T13:55:32","modified_gmt":"2024-10-13T12:55:32","slug":"rd-rompe-record-al-repatriar-11-mil-177-haitianos-en-una-semana","status":"publish","type":"post","link":"https:\/\/2horizontes.com\/?p=75815","title":{"rendered":"RD rompe r\u00e9cord al repatriar 11 mil 177 haitianos en una semana"},"content":{"rendered":"<p>Puerto Pr\u00edncipe, 12 oct (Prensa Latina)Las autoridades de la Rep\u00fablica Dominicana rompieron r\u00e9cord al repatriar 11 mil 177 haitianos de su pa\u00eds en una semana.<\/p>\n<p>En ese contexto, el Ministerio de Relaciones Exteriores y Cultos de Hait\u00ed pidi\u00f3 al gobierno dominicano respetar los derechos de los ni\u00f1os en el plan de deportaci\u00f3n masiva.<\/p>\n<p>\u00abDeben ser respetados los derechos inalienables de todos los ni\u00f1os, mujeres y hombres objeto de esta lamentable decisi\u00f3n, de conformidad con los tratados y acuerdos internacionales que rigen la materia\u00bb, subray\u00f3 la nota de la canciller\u00eda.<\/p>\n<p><strong>MEDIDA CONTEMPLA REPATRIAR 10 MIL POR SEMANA<\/strong><\/p>\n<p>Dicha cartera -en un comunicado divulgado por el diario Le Nouvelliste- calific\u00f3 de discriminatoria la medida de deportaci\u00f3n masiva, que contempla la expulsi\u00f3n de 10 mil haitianos por semana.<\/p>\n<p>Recientemente, la Fundaci\u00f3n Zanmi Timoun reiter\u00f3 su condena por la repatriaci\u00f3n masiva de menores haitianos no acompa\u00f1ados desde la Rep\u00fablica Dominicana.<\/p>\n<p>En los \u00faltimos meses, los activistas de derechos humanos registraron un aumento alarmante de este fen\u00f3meno que expone a estos ni\u00f1os vulnerables a diferentes peligros para su integridad f\u00edsica y salud emocional.<\/p>\n<p><strong>MENORES PROTEGIDOS POR CONVENCION INTERNACIONAL<\/strong><\/p>\n<p>La Fundaci\u00f3n Zanmi Timoun acus\u00f3 a la Rep\u00fablica Dominicana de cometer una grave violaci\u00f3n de los derechos de los menores de edad, que est\u00e1n protegidos por la Convenci\u00f3n Internacional sobre los Derechos del Ni\u00f1o.<\/p>\n<p>El art\u00edculo 22 del documento estipula que los Estados deben garantizar la protecci\u00f3n y asistencia de los ni\u00f1os refugiados y solicitantes de asilo, en particular los infantes no acompa\u00f1ados, record\u00f3 la fundaci\u00f3n citada por el diario digital Le National.<\/p>\n<p>En tanto, el art\u00edculo 37 de la Convenci\u00f3n proh\u00edbe todas las formas de trato cruel, inhumano o degradante, as\u00ed como la privaci\u00f3n arbitraria de la libertad de los ni\u00f1os.<\/p>\n<p>mem\/joe<\/p>\n<p>an\/am<\/p>\n","protected":false},"excerpt":{"rendered":"<p>Puerto Pr\u00edncipe, 12 oct (Prensa Latina)Las autoridades de la Rep\u00fablica Dominicana rompieron r\u00e9cord al repatriar 11 mil 177 haitianos de su pa\u00eds en una semana. En ese contexto, el Ministerio de Relaciones Exteriores y Cultos de Hait\u00ed pidi\u00f3 al gobierno dominicano respetar los derechos de los ni\u00f1os en el plan de deportaci\u00f3n masiva. \u00abDeben ser [&hellip;]<\/p>\n","protected":false},"author":1,"featured_media":75816,"comment_status":"open","ping_status":"open","sticky":false,"template":"","format":"standard","meta":{"footnotes":""},"categories":[54,47,44],"tags":[],"class_list":["post-75815","post","type-post","status-publish","format-standard","has-post-thumbnail","hentry","category-emigrantes","category-haiti","category-republica-dominicana"],"_links":{"self":[{"href":"https:\/\/2horizontes.com\/index.php?rest_route=\/wp\/v2\/posts\/75815","targetHints":{"allow":["GET"]}}],"collection":[{"href":"https:\/\/2horizontes.com\/index.php?rest_route=\/wp\/v2\/posts"}],"about":[{"href":"https:\/\/2horizontes.com\/index.php?rest_route=\/wp\/v2\/types\/post"}],"author":[{"embeddable":true,"href":"https:\/\/2horizontes.com\/index.php?rest_route=\/wp\/v2\/users\/1"}],"replies":[{"embeddable":true,"href":"https:\/\/2horizontes.com\/index.php?rest_route=%2Fwp%2Fv2%2Fcomments&post=75815"}],"version-history":[{"count":1,"href":"https:\/\/2horizontes.com\/index.php?rest_route=\/wp\/v2\/posts\/75815\/revisions"}],"predecessor-version":[{"id":75817,"href":"https:\/\/2horizontes.com\/index.php?rest_route=\/wp\/v2\/posts\/75815\/revisions\/75817"}],"wp:featuredmedia":[{"embeddable":true,"href":"https:\/\/2horizontes.com\/index.php?rest_route=\/wp\/v2\/media\/75816"}],"wp:attachment":[{"href":"https:\/\/2horizontes.com\/index.php?rest_route=%2Fwp%2Fv2%2Fmedia&parent=75815"}],"wp:term":[{"taxonomy":"category","embeddable":true,"href":"https:\/\/2horizontes.com\/index.php?rest_route=%2Fwp%2Fv2%2Fcategories&post=75815"},{"taxonomy":"post_tag","embeddable":true,"href":"https:\/\/2horizontes.com\/index.php?rest_route=%2Fwp%2Fv2%2Ftags&post=75815"}],"curies":[{"name":"wp","href":"https:\/\/api.w.org\/{rel}","templated":true}]}}