{"id":75812,"date":"2024-10-07T17:42:54","date_gmt":"2024-10-07T16:42:54","guid":{"rendered":"https:\/\/2horizontes.com\/?p=75812"},"modified":"2024-10-07T17:42:54","modified_gmt":"2024-10-07T16:42:54","slug":"erd-apresa-dominicano-y-haitiano-por-trafico-de-indocumentados","status":"publish","type":"post","link":"https:\/\/2horizontes.com\/?p=75812","title":{"rendered":"ERD apresa dominicano y haitiano por tr\u00e1fico de indocumentados"},"content":{"rendered":"<p>SANTO DOMINGO.-\u00a0El Ej\u00e9rcito de Rep\u00fablica Dominicana detuvo a un dominicano y un haitiano que supuestamente introdujeron al pa\u00eds de forma ilegal\u00a023 extranjeros indocumentados.<\/p>\n<p>Odalis Cabrera Adames conduc\u00eda una yipeta con 15 haitianos indocumentados y fue detenido en Azua. Mientras el haitiano Jules Wildor conduc\u00eda otra yipeta con ocho compatriotas suyos indocumentados y fue arrestado en el municipio de Mao, en la provincia Valverde.<\/p>\n<p>Cabrera Adames y Wildor ser\u00e1n presentados este lunes ante el Ministerio P\u00fablico \u00abpara que sean establecidas las responsabilidades y sanciones correspondientes seg\u00fan las layes establecidas\u00bb, precis\u00f3 un comunicado del Ej\u00e9rcito.<\/p>\n<p>Este lunes tambi\u00e9n ser\u00e1 enviado a la Justicia un haitiano que fue detenido con una c\u00e9dula dominicana alterada.<\/p>\n","protected":false},"excerpt":{"rendered":"<p>SANTO DOMINGO.-\u00a0El Ej\u00e9rcito de Rep\u00fablica Dominicana detuvo a un dominicano y un haitiano que supuestamente introdujeron al pa\u00eds de forma ilegal\u00a023 extranjeros indocumentados. Odalis Cabrera Adames conduc\u00eda una yipeta con 15 haitianos indocumentados y fue detenido en Azua. Mientras el haitiano Jules Wildor conduc\u00eda otra yipeta con ocho compatriotas suyos indocumentados y fue arrestado en [&hellip;]<\/p>\n","protected":false},"author":1,"featured_media":75813,"comment_status":"open","ping_status":"open","sticky":false,"template":"","format":"standard","meta":{"footnotes":""},"categories":[54,47,44],"tags":[],"class_list":["post-75812","post","type-post","status-publish","format-standard","has-post-thumbnail","hentry","category-emigrantes","category-haiti","category-republica-dominicana"],"_links":{"self":[{"href":"https:\/\/2horizontes.com\/index.php?rest_route=\/wp\/v2\/posts\/75812","targetHints":{"allow":["GET"]}}],"collection":[{"href":"https:\/\/2horizontes.com\/index.php?rest_route=\/wp\/v2\/posts"}],"about":[{"href":"https:\/\/2horizontes.com\/index.php?rest_route=\/wp\/v2\/types\/post"}],"author":[{"embeddable":true,"href":"https:\/\/2horizontes.com\/index.php?rest_route=\/wp\/v2\/users\/1"}],"replies":[{"embeddable":true,"href":"https:\/\/2horizontes.com\/index.php?rest_route=%2Fwp%2Fv2%2Fcomments&post=75812"}],"version-history":[{"count":1,"href":"https:\/\/2horizontes.com\/index.php?rest_route=\/wp\/v2\/posts\/75812\/revisions"}],"predecessor-version":[{"id":75814,"href":"https:\/\/2horizontes.com\/index.php?rest_route=\/wp\/v2\/posts\/75812\/revisions\/75814"}],"wp:featuredmedia":[{"embeddable":true,"href":"https:\/\/2horizontes.com\/index.php?rest_route=\/wp\/v2\/media\/75813"}],"wp:attachment":[{"href":"https:\/\/2horizontes.com\/index.php?rest_route=%2Fwp%2Fv2%2Fmedia&parent=75812"}],"wp:term":[{"taxonomy":"category","embeddable":true,"href":"https:\/\/2horizontes.com\/index.php?rest_route=%2Fwp%2Fv2%2Fcategories&post=75812"},{"taxonomy":"post_tag","embeddable":true,"href":"https:\/\/2horizontes.com\/index.php?rest_route=%2Fwp%2Fv2%2Ftags&post=75812"}],"curies":[{"name":"wp","href":"https:\/\/api.w.org\/{rel}","templated":true}]}}