{"id":75800,"date":"2024-10-07T15:56:23","date_gmt":"2024-10-07T14:56:23","guid":{"rendered":"https:\/\/2horizontes.com\/?p=75800"},"modified":"2024-10-07T15:56:39","modified_gmt":"2024-10-07T14:56:39","slug":"haitianos-dejan-rd-de-forma-voluntaria-por-deportaciones","status":"publish","type":"post","link":"https:\/\/2horizontes.com\/?p=75800","title":{"rendered":"Haitianos dejan RD de forma voluntaria por deportaciones"},"content":{"rendered":"<p>SANTO DOMINGO.- Ante el inicio de la repatriaci\u00f3n de 10 mil extranjeros semanales anunciado por el Gobierno dominicano, algunos ciudadanos de Hait\u00ed deciden abandonar de manera voluntaria este territorio, public\u00f3 List\u00edn Diario.<\/p>\n<p>De acuerdo con el rotativo, los ciudadanos de la naci\u00f3n fronteriza se desplazan a la provincia de Dajab\u00f3n, fronteriza en el norte con Hait\u00ed, para cruzar la l\u00ednea divisoria hacia la comuna de Juana M\u00e9ndez.<\/p>\n<p>El pastor haitiano Pichelo Pitijos citado por List\u00edn Diario aplaudi\u00f3 la iniciativa de sus compatriotas para que no pierdan sus ajuares en caso de ser deportados por las autoridades sin sus pertenencias.<\/p>\n<p>Pitijos sostuvo que el Gobierno de Luis Abinader debi\u00f3 otorgar un plazo para que m\u00e1s personas dejaran Rep\u00fablica Dominicana con sus pertenencias.<\/p>\n<p>Desde el inicio del operativo el jueves pasado, la Direcci\u00f3n General de Migraci\u00f3n (DGM) public\u00f3 una sola nota en su portal para comunicar el inicio de las deportaciones, tal y como acord\u00f3 un d\u00eda antes el Consejo de Defensa y Seguridad Nacional.<\/p>\n<p>Indic\u00f3 que las jornadas de detenci\u00f3n se realizan con la colaboraci\u00f3n de las Fuerzas Armadas, el Ej\u00e9rcito Nacional, la Fuerza A\u00e9rea, la Fuerza de Tarea Ciudad Tranquila (Ciutran), la Polic\u00eda y el Ministerio P\u00fablico en barrios y sectores del Distrito Nacional, y en las provincias Santo Domingo, Santiago de los Caballeros y La Altagracia.<\/p>\n<p>Al mediod\u00eda del viernes pasado se hab\u00edan detenido m\u00e1s de mil 100 migrantes ilegales, pero se desconoce qu\u00e9 ocurri\u00f3 este fin de semana.<\/p>\n","protected":false},"excerpt":{"rendered":"<p>SANTO DOMINGO.- Ante el inicio de la repatriaci\u00f3n de 10 mil extranjeros semanales anunciado por el Gobierno dominicano, algunos ciudadanos de Hait\u00ed deciden abandonar de manera voluntaria este territorio, public\u00f3 List\u00edn Diario. De acuerdo con el rotativo, los ciudadanos de la naci\u00f3n fronteriza se desplazan a la provincia de Dajab\u00f3n, fronteriza en el norte con [&hellip;]<\/p>\n","protected":false},"author":1,"featured_media":75801,"comment_status":"open","ping_status":"open","sticky":false,"template":"","format":"standard","meta":{"footnotes":""},"categories":[54,47,44],"tags":[],"class_list":["post-75800","post","type-post","status-publish","format-standard","has-post-thumbnail","hentry","category-emigrantes","category-haiti","category-republica-dominicana"],"_links":{"self":[{"href":"https:\/\/2horizontes.com\/index.php?rest_route=\/wp\/v2\/posts\/75800","targetHints":{"allow":["GET"]}}],"collection":[{"href":"https:\/\/2horizontes.com\/index.php?rest_route=\/wp\/v2\/posts"}],"about":[{"href":"https:\/\/2horizontes.com\/index.php?rest_route=\/wp\/v2\/types\/post"}],"author":[{"embeddable":true,"href":"https:\/\/2horizontes.com\/index.php?rest_route=\/wp\/v2\/users\/1"}],"replies":[{"embeddable":true,"href":"https:\/\/2horizontes.com\/index.php?rest_route=%2Fwp%2Fv2%2Fcomments&post=75800"}],"version-history":[{"count":1,"href":"https:\/\/2horizontes.com\/index.php?rest_route=\/wp\/v2\/posts\/75800\/revisions"}],"predecessor-version":[{"id":75802,"href":"https:\/\/2horizontes.com\/index.php?rest_route=\/wp\/v2\/posts\/75800\/revisions\/75802"}],"wp:featuredmedia":[{"embeddable":true,"href":"https:\/\/2horizontes.com\/index.php?rest_route=\/wp\/v2\/media\/75801"}],"wp:attachment":[{"href":"https:\/\/2horizontes.com\/index.php?rest_route=%2Fwp%2Fv2%2Fmedia&parent=75800"}],"wp:term":[{"taxonomy":"category","embeddable":true,"href":"https:\/\/2horizontes.com\/index.php?rest_route=%2Fwp%2Fv2%2Fcategories&post=75800"},{"taxonomy":"post_tag","embeddable":true,"href":"https:\/\/2horizontes.com\/index.php?rest_route=%2Fwp%2Fv2%2Ftags&post=75800"}],"curies":[{"name":"wp","href":"https:\/\/api.w.org\/{rel}","templated":true}]}}