{"id":75775,"date":"2024-09-24T21:49:38","date_gmt":"2024-09-24T20:49:38","guid":{"rendered":"https:\/\/2horizontes.com\/?p=75775"},"modified":"2024-09-24T21:49:38","modified_gmt":"2024-09-24T20:49:38","slug":"presidentes-de-rep-dominicana-y-kenia-tratan-el-tema-de-haiti","status":"publish","type":"post","link":"https:\/\/2horizontes.com\/?p=75775","title":{"rendered":"Presidentes de Rep. Dominicana y Kenia tratan el tema de Hait\u00ed"},"content":{"rendered":"<p>NUEVA YORK.- Los presidentes de las rep\u00fablicas Dominicana y de Kenia, Luis Abinader y William Ruto, respectivamente,\u00a0 sostuvieron\u00a0 este martes una reuni\u00f3n en el marco de la Asamblea General de la Organizaci\u00f3n de Naciones (ONU) en la que intercambiaron informaciones sobre la seguridad en Hait\u00ed.<\/p>\n<p>\u00abLos dos mandatarios intercambiaron impresiones sobre el trabajo de los polic\u00edas kenianos desplegados en Hait\u00ed\u00bb, dice una nota de la Presidencia dominicana.<\/p>\n<p>Indic\u00f3 que\u00a0 \u00bb ambos mandatarios intercambiaron importantes informaciones: el Presidente de Kenia, sobre sus polic\u00edas en Hait\u00ed, y nosotros sobre la seguridad del lado dominicano, que es nuestro inter\u00e9s\u00bb.<\/p>\n<p>sp-am<\/p>\n","protected":false},"excerpt":{"rendered":"<p>NUEVA YORK.- Los presidentes de las rep\u00fablicas Dominicana y de Kenia, Luis Abinader y William Ruto, respectivamente,\u00a0 sostuvieron\u00a0 este martes una reuni\u00f3n en el marco de la Asamblea General de la Organizaci\u00f3n de Naciones (ONU) en la que intercambiaron informaciones sobre la seguridad en Hait\u00ed. \u00abLos dos mandatarios intercambiaron impresiones sobre el trabajo de los [&hellip;]<\/p>\n","protected":false},"author":1,"featured_media":75776,"comment_status":"open","ping_status":"open","sticky":false,"template":"","format":"standard","meta":{"footnotes":""},"categories":[40,43],"tags":[],"class_list":["post-75775","post","type-post","status-publish","format-standard","has-post-thumbnail","hentry","category-internacionales","category-politica"],"_links":{"self":[{"href":"https:\/\/2horizontes.com\/index.php?rest_route=\/wp\/v2\/posts\/75775","targetHints":{"allow":["GET"]}}],"collection":[{"href":"https:\/\/2horizontes.com\/index.php?rest_route=\/wp\/v2\/posts"}],"about":[{"href":"https:\/\/2horizontes.com\/index.php?rest_route=\/wp\/v2\/types\/post"}],"author":[{"embeddable":true,"href":"https:\/\/2horizontes.com\/index.php?rest_route=\/wp\/v2\/users\/1"}],"replies":[{"embeddable":true,"href":"https:\/\/2horizontes.com\/index.php?rest_route=%2Fwp%2Fv2%2Fcomments&post=75775"}],"version-history":[{"count":1,"href":"https:\/\/2horizontes.com\/index.php?rest_route=\/wp\/v2\/posts\/75775\/revisions"}],"predecessor-version":[{"id":75777,"href":"https:\/\/2horizontes.com\/index.php?rest_route=\/wp\/v2\/posts\/75775\/revisions\/75777"}],"wp:featuredmedia":[{"embeddable":true,"href":"https:\/\/2horizontes.com\/index.php?rest_route=\/wp\/v2\/media\/75776"}],"wp:attachment":[{"href":"https:\/\/2horizontes.com\/index.php?rest_route=%2Fwp%2Fv2%2Fmedia&parent=75775"}],"wp:term":[{"taxonomy":"category","embeddable":true,"href":"https:\/\/2horizontes.com\/index.php?rest_route=%2Fwp%2Fv2%2Fcategories&post=75775"},{"taxonomy":"post_tag","embeddable":true,"href":"https:\/\/2horizontes.com\/index.php?rest_route=%2Fwp%2Fv2%2Ftags&post=75775"}],"curies":[{"name":"wp","href":"https:\/\/api.w.org\/{rel}","templated":true}]}}