{"id":75716,"date":"2024-09-03T01:06:48","date_gmt":"2024-09-03T00:06:48","guid":{"rendered":"https:\/\/2horizontes.com\/?p=75716"},"modified":"2024-09-03T01:06:48","modified_gmt":"2024-09-03T00:06:48","slug":"se-entrega-conductor-de-camion-atropello-una-multitud-en-azua","status":"publish","type":"post","link":"https:\/\/2horizontes.com\/?p=75716","title":{"rendered":"Se entrega conductor de cami\u00f3n atropell\u00f3 una multitud en Azua"},"content":{"rendered":"<div class=\"post_author\">\n<div class=\"buttons\" data-element=\"buttons\"><\/div>\n<\/div>\n<p class=\"entry-content\">\n<p><iframe loading=\"lazy\" title=\"YouTube video player\" src=\"https:\/\/www.youtube.com\/embed\/3mjT51FF11s?si=2BSJnslucYqThmWl\" width=\"560\" height=\"315\" frameborder=\"0\" allowfullscreen=\"allowfullscreen\" data-mce-fragment=\"1\"><\/iframe><\/p>\n<p>AZUA, Rep\u00fablica Dominicana.- Se entreg\u00f3 a las autoridades el conductor del cami\u00f3n que la madrugada de este domingo provoc\u00f3 un accidente en el que al menos once personas murieron y 30 resultaron heridas, en el municipio Las Yayas, de esta provincia.<\/p>\n<p>Angel Encarnaci\u00f3n Bautista se present\u00f3 en el local de la Direcci\u00f3n General de Seguridad de Tr\u00e1nsito y Transporte Terrestre.<\/p>\n<p>El accidente ocurri\u00f3 en las afueras de un negocio de expendio de bebidas alcoh\u00f3licas, en la carretera Azua-San Juan, en la bajada de Bastida.<\/p>\n<p>Mientras la multitud compart\u00eda fue embestida por un cami\u00f3n Daihatsu que conduc\u00eda Encarnaci\u00f3n Bautista, quien se dio a la fuga.<\/p>\n<p><strong>IDENTIFICAN\u00a0 MUERTOS<\/strong><\/p>\n<p>Hasta el momento han sido identificados los cad\u00e1veres de <strong>Yoserys Soriano M\u00e9ndez, de 20 a\u00f1os; Elvin Guzm\u00e1n Rodr\u00edguez, de 18 a\u00f1os; G\u00e9nesis Arias, de 27; Jos\u00e9 Ren\u00e9 Guzm\u00e1n Guzm\u00e1n, de 27; Jhon Gerardo, de 21, y Ferrera Matos, de 24.<\/strong><\/p>\n<p>Los heridos fueron llevados al hospital de San Juan y a otros centros de la zona.<\/p>\n<p><iframe loading=\"lazy\" title=\"YouTube video player\" src=\"https:\/\/www.youtube.com\/embed\/4J0SSmOlZAI?si=rxX4G0OWRYHV6pzr\" width=\"560\" height=\"315\" frameborder=\"0\" allowfullscreen=\"allowfullscreen\" data-mce-fragment=\"1\"><\/iframe><\/p>\n<p><strong>GESTIONAN AYUDA PARA FAMILIARES DE LAS VICTIMAS<\/strong><\/p>\n<p>La gobernadora de esta provincia, Mar\u00eda Minerva Navarro, inform\u00f3 que gestionar\u00e1 con el presidente Luis Abinader y la ministra de Interior y Polic\u00eda, Faride Raful, ayuda y asistencia\u00a0 para las familias de las v\u00edctimas.<\/p>\n<p>Navarro realiz\u00f3 un breve recorrido por el lugar donde ocurri\u00f3 el accidente, acompa\u00f1ada de Antonio Pe\u00f1a Guaba, director del Gabinete de Pol\u00edtica Social de la Presidencia, la senadora L\u00eda D\u00edaz de D\u00edaz, la diputada Brenda Ogando y otros funcionarios.<\/p>\n<figure id=\"attachment_978085\" class=\"wp-caption alignleft\" aria-describedby=\"caption-attachment-978085\"><img loading=\"lazy\" decoding=\"async\" class=\" wp-image-978085\" src=\"https:\/\/almomento.net\/wp-content\/uploads\/2024\/09\/Funcionarios-reunidos-con-familiares-de-las-victimas-del-accidente-en-Las-Yayas-de-Azua.jpg\" sizes=\"auto, (max-width: 570px) 100vw, 570px\" srcset=\"https:\/\/almomento.net\/wp-content\/uploads\/2024\/09\/Funcionarios-reunidos-con-familiares-de-las-victimas-del-accidente-en-Las-Yayas-de-Azua.jpg 697w, https:\/\/almomento.net\/wp-content\/uploads\/2024\/09\/Funcionarios-reunidos-con-familiares-de-las-victimas-del-accidente-en-Las-Yayas-de-Azua-300x199.jpg 300w, https:\/\/almomento.net\/wp-content\/uploads\/2024\/09\/Funcionarios-reunidos-con-familiares-de-las-victimas-del-accidente-en-Las-Yayas-de-Azua-143x95.jpg 143w, https:\/\/almomento.net\/wp-content\/uploads\/2024\/09\/Funcionarios-reunidos-con-familiares-de-las-victimas-del-accidente-en-Las-Yayas-de-Azua-377x250.jpg 377w\" alt=\"\" width=\"570\" height=\"378\" \/><figcaption id=\"caption-attachment-978085\" class=\"wp-caption-text\">Funcionarios reunidos con familiares de las v\u00edctimas del accidente en Las Yayas, de Azua<\/figcaption><\/figure>\n","protected":false},"excerpt":{"rendered":"<p>AZUA, Rep\u00fablica Dominicana.- Se entreg\u00f3 a las autoridades el conductor del cami\u00f3n que la madrugada de este domingo provoc\u00f3 un accidente en el que al menos once personas murieron y 30 resultaron heridas, en el municipio Las Yayas, de esta provincia. Angel Encarnaci\u00f3n Bautista se present\u00f3 en el local de la Direcci\u00f3n General de Seguridad [&hellip;]<\/p>\n","protected":false},"author":1,"featured_media":75717,"comment_status":"open","ping_status":"open","sticky":false,"template":"","format":"video","meta":{"footnotes":""},"categories":[53,44],"tags":[106],"class_list":["post-75716","post","type-post","status-publish","format-video","has-post-thumbnail","hentry","category-provincias","category-republica-dominicana","tag-asesinato","post_format-post-format-video"],"_links":{"self":[{"href":"https:\/\/2horizontes.com\/index.php?rest_route=\/wp\/v2\/posts\/75716","targetHints":{"allow":["GET"]}}],"collection":[{"href":"https:\/\/2horizontes.com\/index.php?rest_route=\/wp\/v2\/posts"}],"about":[{"href":"https:\/\/2horizontes.com\/index.php?rest_route=\/wp\/v2\/types\/post"}],"author":[{"embeddable":true,"href":"https:\/\/2horizontes.com\/index.php?rest_route=\/wp\/v2\/users\/1"}],"replies":[{"embeddable":true,"href":"https:\/\/2horizontes.com\/index.php?rest_route=%2Fwp%2Fv2%2Fcomments&post=75716"}],"version-history":[{"count":1,"href":"https:\/\/2horizontes.com\/index.php?rest_route=\/wp\/v2\/posts\/75716\/revisions"}],"predecessor-version":[{"id":75718,"href":"https:\/\/2horizontes.com\/index.php?rest_route=\/wp\/v2\/posts\/75716\/revisions\/75718"}],"wp:featuredmedia":[{"embeddable":true,"href":"https:\/\/2horizontes.com\/index.php?rest_route=\/wp\/v2\/media\/75717"}],"wp:attachment":[{"href":"https:\/\/2horizontes.com\/index.php?rest_route=%2Fwp%2Fv2%2Fmedia&parent=75716"}],"wp:term":[{"taxonomy":"category","embeddable":true,"href":"https:\/\/2horizontes.com\/index.php?rest_route=%2Fwp%2Fv2%2Fcategories&post=75716"},{"taxonomy":"post_tag","embeddable":true,"href":"https:\/\/2horizontes.com\/index.php?rest_route=%2Fwp%2Fv2%2Ftags&post=75716"}],"curies":[{"name":"wp","href":"https:\/\/api.w.org\/{rel}","templated":true}]}}