{"id":75713,"date":"2024-08-29T21:34:50","date_gmt":"2024-08-29T20:34:50","guid":{"rendered":"https:\/\/2horizontes.com\/?p=75713"},"modified":"2024-08-29T21:34:50","modified_gmt":"2024-08-29T20:34:50","slug":"advierten-sobre-inundaciones-y-tormentas-en-zonas-dominicanas","status":"publish","type":"post","link":"https:\/\/2horizontes.com\/?p=75713","title":{"rendered":"Advierten sobre inundaciones y tormentas en zonas dominicanas"},"content":{"rendered":"<p>Santo Domingo, 29 ago (EFE).- El Instituto Dominicano Meteorolog\u00eda (Indomet) alerta este jueves de nubes de gran desarrollo vertical generadoras de aguaceros, tormentas el\u00e9ctricas y r\u00e1fagas de viento en varias provincias, que podr\u00edan causar breves inundaciones repentinas.<\/p>\n<p>En un bolet\u00edn de muy corto plazo, el Indomet detalla que las lluvias afectan a l<strong>as provincias de Mar\u00eda Trinidad S\u00e1nchez, Duarte, Hermanas Mirabal, S\u00e1nchez Ram\u00edrez, Monse\u00f1or Nouel, San Jos\u00e9 de Ocoa, Hato Mayor, Monte Plata, San Crist\u00f3bal, La Vega y El Gran Santo Domingo<\/strong> y que las precipitaciones pueden extenderse a otras provincias cercanas.<\/p>\n<p>Ello podr\u00eda causar breves inundaciones repentinas de peque\u00f1os r\u00edos, arroyos y ca\u00f1adas.<\/p>\n<p>Esta situaci\u00f3n se debe a una onda tropical ubicada entre la porci\u00f3n central y occidental del pa\u00eds, seg\u00fan un bolet\u00edn anterior del instituto.<\/p>\n<p>El Indomet monitorea una zona de aguaceros con tormentas el\u00e9ctricas asociada a un \u00e1rea de baja presi\u00f3n en aguas del oc\u00e9ano Atl\u00e1ntico Central, con una baja probabilidad de formaci\u00f3n para las pr\u00f3ximas 24-48 horas para desarrollar a cicl\u00f3n tropical, mientras para los pr\u00f3ximos siete d\u00edas presentar\u00eda un 40 %. EFE<\/p>\n<p>acm<\/p>\n","protected":false},"excerpt":{"rendered":"<p>Santo Domingo, 29 ago (EFE).- El Instituto Dominicano Meteorolog\u00eda (Indomet) alerta este jueves de nubes de gran desarrollo vertical generadoras de aguaceros, tormentas el\u00e9ctricas y r\u00e1fagas de viento en varias provincias, que podr\u00edan causar breves inundaciones repentinas. En un bolet\u00edn de muy corto plazo, el Indomet detalla que las lluvias afectan a las provincias de [&hellip;]<\/p>\n","protected":false},"author":1,"featured_media":75714,"comment_status":"open","ping_status":"open","sticky":false,"template":"","format":"standard","meta":{"footnotes":""},"categories":[44],"tags":[],"class_list":["post-75713","post","type-post","status-publish","format-standard","has-post-thumbnail","hentry","category-republica-dominicana"],"_links":{"self":[{"href":"https:\/\/2horizontes.com\/index.php?rest_route=\/wp\/v2\/posts\/75713","targetHints":{"allow":["GET"]}}],"collection":[{"href":"https:\/\/2horizontes.com\/index.php?rest_route=\/wp\/v2\/posts"}],"about":[{"href":"https:\/\/2horizontes.com\/index.php?rest_route=\/wp\/v2\/types\/post"}],"author":[{"embeddable":true,"href":"https:\/\/2horizontes.com\/index.php?rest_route=\/wp\/v2\/users\/1"}],"replies":[{"embeddable":true,"href":"https:\/\/2horizontes.com\/index.php?rest_route=%2Fwp%2Fv2%2Fcomments&post=75713"}],"version-history":[{"count":1,"href":"https:\/\/2horizontes.com\/index.php?rest_route=\/wp\/v2\/posts\/75713\/revisions"}],"predecessor-version":[{"id":75715,"href":"https:\/\/2horizontes.com\/index.php?rest_route=\/wp\/v2\/posts\/75713\/revisions\/75715"}],"wp:featuredmedia":[{"embeddable":true,"href":"https:\/\/2horizontes.com\/index.php?rest_route=\/wp\/v2\/media\/75714"}],"wp:attachment":[{"href":"https:\/\/2horizontes.com\/index.php?rest_route=%2Fwp%2Fv2%2Fmedia&parent=75713"}],"wp:term":[{"taxonomy":"category","embeddable":true,"href":"https:\/\/2horizontes.com\/index.php?rest_route=%2Fwp%2Fv2%2Fcategories&post=75713"},{"taxonomy":"post_tag","embeddable":true,"href":"https:\/\/2horizontes.com\/index.php?rest_route=%2Fwp%2Fv2%2Ftags&post=75713"}],"curies":[{"name":"wp","href":"https:\/\/api.w.org\/{rel}","templated":true}]}}