{"id":75667,"date":"2024-08-16T23:03:07","date_gmt":"2024-08-16T22:03:07","guid":{"rendered":"https:\/\/2horizontes.com\/?p=75667"},"modified":"2024-08-16T23:03:08","modified_gmt":"2024-08-16T22:03:08","slug":"abinader-promete-profundizar-libertades-y-justicia-social-en-rd","status":"publish","type":"post","link":"https:\/\/2horizontes.com\/?p=75667","title":{"rendered":"Abinader promete profundizar libertades y justicia social en RD"},"content":{"rendered":"\n<p>.Santo Domingo, 16 ago.- Luis Abinader, asumi\u00f3 este viernes como presidente de la Rep\u00fablica Dominicana&nbsp; para un segundo y \u00faltimo mandato de cuatro a\u00f1os en presencia de m\u00e1s de una decena de jefes de Estado y de Gobierno, entre ellos el rey de Espa\u00f1a.<\/p>\n\n\n\n<p>\u00abJuro ante Dios&nbsp; y ante el pueblo, por la Patria y por mi honor, cumplir y hacer cumplir la Constituci\u00f3n y las leyes de la Rep\u00fablica, proteger y defender su independencia, respetar los derechos y las libertades de los ciudadanos y ciudadanas y cumplir fielmente los deberes de mi cargo\u00bb, dijo Abinader, un economista de profesi\u00f3n de 57 a\u00f1os, antes de recibir la banda presidencial de manos del presidente del Senado, Ricardo de los Santos.<\/p>\n\n\n\n<p>A continuaci\u00f3n jur\u00f3 el cargo su vicepresidenta, la acad\u00e9mica y administradora de empresas Raquel Pe\u00f1a, tambi\u00e9n de 57 a\u00f1os, quien repite en el puesto para el per\u00edodo 2024-2028.<\/p>\n\n\n\n<p>Tras ello, Abinader inici\u00f3 su discurso, dando las gracias a los presentes.<\/p>\n\n\n\n<p><strong>HUMILDAD, ORGULLO Y COMPROMISO<\/strong><\/p>\n\n\n\n<p>\u00abAsumo con humildad, orgullo y compromiso la sagrada responsabilidad que por segunda ocasi\u00f3n me concede el pueblo dominicano. Me siento profundamente honrado de tomar juramento, despu\u00e9s de un proceso electoral ejemplar en el que los dominicanos y dominicanas manifestaron libremente su voluntad y demostraron una vez m\u00e1s la madurez democr\u00e1tica que hemos alcanzado como naci\u00f3n\u00bb, dijo el presidente, en alusi\u00f3n de su amplia victoria y la de su Partido Revolucionario Moderno (PRM) en las elecciones legislativas y presidenciales del 19 de mayo pasado.<\/p>\n\n\n\n<p>En su alocuci\u00f3n, Abinader destac\u00f3 \u00abla estabilidad y la buena salud\u00bb de la democracia dominicana, as\u00ed como \u00abel dinamismo econ\u00f3mico y las grandes oportunidades que aqu\u00ed existen para las empresas y la inversi\u00f3n\u00bb.<\/p>\n\n\n\n<p>La ceremonia de investidura fue celebrada&nbsp; en esta ocasi\u00f3n en el Teatro Nacional, en Santo Domingo, y no en el Congreso Nacional, como es costumbre, para as\u00ed albergar al gran n\u00famero de invitados que asisten al evento.<\/p>\n\n\n\n<p><strong>DIGNATARIOS PRESENTES<\/strong><\/p>\n\n\n\n<p>M\u00e1s de una decena de jefes de Estado y\/o de Gobierno estuvieron&nbsp; en la investidura de Abinader, entre ellos el rey de Espa\u00f1a, Felipe VI, y los presidentes de Guatemala, Bernardo Ar\u00e9valo; de Panam\u00e1, Jos\u00e9 Ra\u00fal Mulino; de Paraguay, Santiago Pe\u00f1a; de Uruguay, Luis Lacalle Pou; de Honduras, Xiomara Castro, y de Surinam, Chandrikapersad Santokhi, as\u00ed como el vicepresidente de El Salvador, F\u00e9lix Ulloa.<\/p>\n\n\n\n<p>En esta jornada, tambi\u00e9n juramentar\u00e1n sus cargos los miembros del Gobierno de Abinader.<\/p>\n\n\n\n<p><strong>PROFUNDIZARA LIBERTADES<\/strong><\/p>\n\n\n\n<p>Abinader anunci\u00f3 que en los pr\u00f3ximos cuatro a\u00f1os profundizar\u00e1 en las libertades y justicia social, para alcanzar un futuro de prosperidad<\/p>\n\n\n\n<p>Dijo sentirse horrado de tomar juramento para un nuevo per\u00edodo de gobierno, luego de un proceso electoral ejemplar en el que los dominicanos y dominicanas expresaron libremente su voluntad y demostraron una vez m\u00e1s la madurez democr\u00e1tica que ha alcanzado como naci\u00f3n.<\/p>\n\n\n\n<p><strong>\u00abSERE EL PRESIDENTE DE TODOS\u00bb<\/strong><\/p>\n\n\n\n<p>\u201cAgradezco la gran confianza que el pueblo ha depositado en m\u00ed y quiero decirles que ser\u00e9 el presidente de todos y cada uno de los dominicanos sin distinci\u00f3n. Mi cargo me lo exige y mis principios me lo imponen\u201d, expres\u00f3.<\/p>\n\n\n\n<p>Sostuvo que la verdadera fortaleza de una naci\u00f3n reside en los hombres y mujeres que la forman y que cada individuo tiene el potencial de contribuir a mejorarla a trav\u00e9s de la participaci\u00f3n y el compromiso c\u00edvico es que se pueden lograr transformaciones reales.<\/p>\n\n\n\n<p>Enfatiz\u00f3 en que el verdadero triunfo de un gobierno no se alcanza cuando se consigue el poder, sino cuando este poder se utiliza para servir al pueblo y para solucionar los problemas reales de la gente.<\/p>\n\n\n\n<p><strong>VOCACION DEMOCRATICA<\/strong><\/p>\n\n\n\n<p>\u201cEste gobierno es el resultado de una vocaci\u00f3n democr\u00e1tica, que desde sus inicios viene luchando decididamente por el buen uso de los fondos p\u00fablicos y que es incompatible con la corrupci\u00f3n. Quiero subrayar que vamos a profundizar nuestras acciones de prevenci\u00f3n de la corrupci\u00f3n y por la transparencia para seguir protegiendo el dinero del pueblo\u201d, expres\u00f3.<\/p>\n\n\n\n<p>Record\u00f3 que hace cuatro a\u00f1os se propuso gobernar desde el dialogo, abierto a todos y promoviendo la independencia y la autonom\u00eda de los distintos poderes del Estado.<\/p>\n\n\n\n<p>Subray\u00f3 que el respeto al estado de derecho fue uno de sus m\u00e1s firmes compromisos que asumi\u00f3 con los dominicanos cuando tom\u00f3 posesi\u00f3n en 2020 como presidente. \u201cLes di mi palabra y he cumplido con ella\u201d.<\/p>\n\n\n\n<p>jt\/am<\/p>\n","protected":false},"excerpt":{"rendered":"<p>.Santo Domingo, 16 ago.- Luis Abinader, asumi\u00f3 este viernes como presidente de la Rep\u00fablica Dominicana&nbsp; para un segundo y \u00faltimo mandato de cuatro a\u00f1os en presencia de m\u00e1s de una decena de jefes de Estado y de Gobierno, entre ellos el rey de Espa\u00f1a. \u00abJuro ante Dios&nbsp; y ante el pueblo, por la Patria y [&hellip;]<\/p>\n","protected":false},"author":1,"featured_media":75668,"comment_status":"open","ping_status":"open","sticky":false,"template":"","format":"standard","meta":{"footnotes":""},"categories":[43,44],"tags":[],"class_list":["post-75667","post","type-post","status-publish","format-standard","has-post-thumbnail","hentry","category-politica","category-republica-dominicana"],"_links":{"self":[{"href":"https:\/\/2horizontes.com\/index.php?rest_route=\/wp\/v2\/posts\/75667","targetHints":{"allow":["GET"]}}],"collection":[{"href":"https:\/\/2horizontes.com\/index.php?rest_route=\/wp\/v2\/posts"}],"about":[{"href":"https:\/\/2horizontes.com\/index.php?rest_route=\/wp\/v2\/types\/post"}],"author":[{"embeddable":true,"href":"https:\/\/2horizontes.com\/index.php?rest_route=\/wp\/v2\/users\/1"}],"replies":[{"embeddable":true,"href":"https:\/\/2horizontes.com\/index.php?rest_route=%2Fwp%2Fv2%2Fcomments&post=75667"}],"version-history":[{"count":1,"href":"https:\/\/2horizontes.com\/index.php?rest_route=\/wp\/v2\/posts\/75667\/revisions"}],"predecessor-version":[{"id":75669,"href":"https:\/\/2horizontes.com\/index.php?rest_route=\/wp\/v2\/posts\/75667\/revisions\/75669"}],"wp:featuredmedia":[{"embeddable":true,"href":"https:\/\/2horizontes.com\/index.php?rest_route=\/wp\/v2\/media\/75668"}],"wp:attachment":[{"href":"https:\/\/2horizontes.com\/index.php?rest_route=%2Fwp%2Fv2%2Fmedia&parent=75667"}],"wp:term":[{"taxonomy":"category","embeddable":true,"href":"https:\/\/2horizontes.com\/index.php?rest_route=%2Fwp%2Fv2%2Fcategories&post=75667"},{"taxonomy":"post_tag","embeddable":true,"href":"https:\/\/2horizontes.com\/index.php?rest_route=%2Fwp%2Fv2%2Ftags&post=75667"}],"curies":[{"name":"wp","href":"https:\/\/api.w.org\/{rel}","templated":true}]}}