{"id":75639,"date":"2024-08-12T23:10:29","date_gmt":"2024-08-12T22:10:29","guid":{"rendered":"https:\/\/2horizontes.com\/?p=75639"},"modified":"2024-08-12T23:10:31","modified_gmt":"2024-08-12T22:10:31","slug":"apresan-en-bavaro-a-presunto-matador-de-mujer-cuyo-cadaver-fue-hallado-dentro-de-un-tanque","status":"publish","type":"post","link":"https:\/\/2horizontes.com\/?p=75639","title":{"rendered":"Apresan en B\u00e1varo a presunto matador de mujer, cuyo cad\u00e1ver fue hallado dentro de un tanque"},"content":{"rendered":"\n<p>El detenido es Alexis Jes\u00fas L\u00f3pez, quien es se\u00f1alado como responsable de dar muerte a la joven Alina Ram\u00edrez Felice, de 24 a\u00f1os.<\/p>\n\n\n\n<p>.<\/p>\n\n\n\n<p>Fue apresado por agentes policiales en B\u00e1varo, provincia la Altagracia, un hombre que se presume fue el matador de una mujer, cuyo cad\u00e1ver fue encontrado dentro de un tanque, en unos matorrales pr\u00f3ximo al Santuario Santo Cristo de los Milagros, en el municipio de Bayaguana, provincia Monte Plata.<\/p>\n\n\n\n<p>El detenido es Alexis Jes\u00fas L\u00f3pez, quien es se\u00f1alado como responsable de dar muerte a la joven Alina Ram\u00edrez Felice, de 24 a\u00f1os.<\/p>\n\n\n\n<p>Alina era oriunda del Batey Tarana, en el municipio Sabana Grande de Boy\u00e0<\/p>\n\n\n\n<p><\/p>\n","protected":false},"excerpt":{"rendered":"<p>El detenido es Alexis Jes\u00fas L\u00f3pez, quien es se\u00f1alado como responsable de dar muerte a la joven Alina Ram\u00edrez Felice, de 24 a\u00f1os. . Fue apresado por agentes policiales en B\u00e1varo, provincia la Altagracia, un hombre que se presume fue el matador de una mujer, cuyo cad\u00e1ver fue encontrado dentro de un tanque, en unos [&hellip;]<\/p>\n","protected":false},"author":1,"featured_media":75640,"comment_status":"open","ping_status":"open","sticky":false,"template":"","format":"standard","meta":{"footnotes":""},"categories":[53,44],"tags":[],"class_list":["post-75639","post","type-post","status-publish","format-standard","has-post-thumbnail","hentry","category-provincias","category-republica-dominicana"],"_links":{"self":[{"href":"https:\/\/2horizontes.com\/index.php?rest_route=\/wp\/v2\/posts\/75639","targetHints":{"allow":["GET"]}}],"collection":[{"href":"https:\/\/2horizontes.com\/index.php?rest_route=\/wp\/v2\/posts"}],"about":[{"href":"https:\/\/2horizontes.com\/index.php?rest_route=\/wp\/v2\/types\/post"}],"author":[{"embeddable":true,"href":"https:\/\/2horizontes.com\/index.php?rest_route=\/wp\/v2\/users\/1"}],"replies":[{"embeddable":true,"href":"https:\/\/2horizontes.com\/index.php?rest_route=%2Fwp%2Fv2%2Fcomments&post=75639"}],"version-history":[{"count":1,"href":"https:\/\/2horizontes.com\/index.php?rest_route=\/wp\/v2\/posts\/75639\/revisions"}],"predecessor-version":[{"id":75641,"href":"https:\/\/2horizontes.com\/index.php?rest_route=\/wp\/v2\/posts\/75639\/revisions\/75641"}],"wp:featuredmedia":[{"embeddable":true,"href":"https:\/\/2horizontes.com\/index.php?rest_route=\/wp\/v2\/media\/75640"}],"wp:attachment":[{"href":"https:\/\/2horizontes.com\/index.php?rest_route=%2Fwp%2Fv2%2Fmedia&parent=75639"}],"wp:term":[{"taxonomy":"category","embeddable":true,"href":"https:\/\/2horizontes.com\/index.php?rest_route=%2Fwp%2Fv2%2Fcategories&post=75639"},{"taxonomy":"post_tag","embeddable":true,"href":"https:\/\/2horizontes.com\/index.php?rest_route=%2Fwp%2Fv2%2Ftags&post=75639"}],"curies":[{"name":"wp","href":"https:\/\/api.w.org\/{rel}","templated":true}]}}