{"id":75630,"date":"2024-08-12T22:32:57","date_gmt":"2024-08-12T21:32:57","guid":{"rendered":"https:\/\/2horizontes.com\/?p=75630"},"modified":"2024-08-12T22:32:59","modified_gmt":"2024-08-12T21:32:59","slug":"muere-joven-al-caer-junto-a-su-hija-de-un-edificio-en-santo-domingo-norte","status":"publish","type":"post","link":"https:\/\/2horizontes.com\/?p=75630","title":{"rendered":"Muere joven al caer junto a su hija de un edificio en Santo Domingo Norte"},"content":{"rendered":"\n<p>El esposo de la mujer fue detenido por miembros adscritos a la Direcci\u00f3n Central de Investigaci\u00f3n (Dicrim) de la Polic\u00eda Nacional para fines de investigaci\u00f3n<\/p>\n\n\n\n<p>,<\/p>\n\n\n\n<p>Una&nbsp;<strong>joven de unos 25 a\u00f1os de edad&nbsp;<\/strong>cay\u00f3 de uno de los pisos m\u00e1s altos de un&nbsp;<strong>edificio<\/strong>, en un hecho ocurrido en&nbsp;<strong>Santo Domingo Norte<\/strong>.<\/p>\n\n\n\n<p>Por el momento, se desconocen las circunstancias en que ocurrieron los hechos.<\/p>\n\n\n\n<p><strong>La joven cay\u00f3&nbsp; junto a su hija,<\/strong>&nbsp;de unos cinco a\u00f1os de edad, quien se encuentra hospitalizada.&nbsp;<\/p>\n\n\n\n<figure class=\"wp-block-image\" id=\"m10729-10728-10730\"><img decoding=\"async\" src=\"https:\/\/listindiario.com\/files\/vertical_main_image\/uploads\/2024\/08\/12\/66ba646434340.jpeg\" alt=\"Edificio en Santo Domingo Norte\"\/><figcaption>Edificio en Santo Domingo NorteLEONEL MATOS \/ LD<\/figcaption><\/figure>\n\n\n\n<p>Mientras tanto, el esposo de la mujer fue detenido por miembros adscritos a la&nbsp;<strong>Direcci\u00f3n Central de Investigaci\u00f3n (Dicrim)&nbsp;<\/strong>de la Polic\u00eda Nacional para fines de investigaci\u00f3n.<\/p>\n\n\n\n<p><strong>\u201cYo me siento muy mal\u201d<\/strong>, dec\u00eda una y otra vez el esposo de la joven mientras era conducido al veh\u00edculo de los agentes.<\/p>\n\n\n\n<figure class=\"wp-block-image\"><img decoding=\"async\" src=\"https:\/\/listindiario.com\/files\/composite_image\/uploads\/2024\/08\/12\/66ba45acbfd20.jpeg\" alt=\"Tambi\u00e9n le pude interesar estos videos:<br \/&gt;<br \/&gt;Abinader despierta inter\u00e9s en adquirir buque colombiano para contrarrestar delitos trasnacionales https:\/\/youtu.be\/gZv8w-87c00<br \/&gt;<br \/&gt;Desfile Militar y Policial por 180 Aniversario de la Independencia Dominicana https:\/\/youtube.com\/live\/Xn_IcMlCO50<br \/&gt;<br \/&gt;TSE declara inadmisible petici\u00f3n de Ramfis Trujillo para ser candidato presidencial https:\/\/youtu.be\/HFpdTFtu-XQ<br \/&gt;<br \/&gt;As\u00ed fue la b\u00fasqueda y captura del recluso que se fug\u00f3 del Palacio de Justicia https:\/\/youtu.be\/4AoMjn9s3hU<br \/&gt;<br \/&gt;En pedernales hay tierras raras, pero a\u00fan falta data https:\/\/youtu.be\/GOPYSb6cPWE<br \/&gt;<br \/&gt;M\u00e1s noticias en https:\/\/listindiario.com\/<br \/&gt;<br \/&gt;Suscr\u00edbete al canal  https:\/\/bit.ly\/335qMys<br \/&gt;<br \/&gt;S\u00edguenos<br \/&gt;Twitter  https:\/\/twitter.com\/ListinDiario <br \/&gt;<br \/&gt;Facebook  https:\/\/www.facebook.com\/listindiario <br \/&gt;<br \/&gt;Instagram https:\/\/www.instagram.com\/listindiario\/\"\/><figcaption>La joven cay\u00f3 junto a su hija, de unos cinco a\u00f1os de edad, quien se encuentra hospitalizada<\/figcaption><\/figure>\n","protected":false},"excerpt":{"rendered":"<p>El esposo de la mujer fue detenido por miembros adscritos a la Direcci\u00f3n Central de Investigaci\u00f3n (Dicrim) de la Polic\u00eda Nacional para fines de investigaci\u00f3n , Una&nbsp;joven de unos 25 a\u00f1os de edad&nbsp;cay\u00f3 de uno de los pisos m\u00e1s altos de un&nbsp;edificio, en un hecho ocurrido en&nbsp;Santo Domingo Norte. Por el momento, se desconocen las [&hellip;]<\/p>\n","protected":false},"author":1,"featured_media":75631,"comment_status":"open","ping_status":"open","sticky":false,"template":"","format":"standard","meta":{"footnotes":""},"categories":[44],"tags":[],"class_list":["post-75630","post","type-post","status-publish","format-standard","has-post-thumbnail","hentry","category-republica-dominicana"],"_links":{"self":[{"href":"https:\/\/2horizontes.com\/index.php?rest_route=\/wp\/v2\/posts\/75630","targetHints":{"allow":["GET"]}}],"collection":[{"href":"https:\/\/2horizontes.com\/index.php?rest_route=\/wp\/v2\/posts"}],"about":[{"href":"https:\/\/2horizontes.com\/index.php?rest_route=\/wp\/v2\/types\/post"}],"author":[{"embeddable":true,"href":"https:\/\/2horizontes.com\/index.php?rest_route=\/wp\/v2\/users\/1"}],"replies":[{"embeddable":true,"href":"https:\/\/2horizontes.com\/index.php?rest_route=%2Fwp%2Fv2%2Fcomments&post=75630"}],"version-history":[{"count":1,"href":"https:\/\/2horizontes.com\/index.php?rest_route=\/wp\/v2\/posts\/75630\/revisions"}],"predecessor-version":[{"id":75632,"href":"https:\/\/2horizontes.com\/index.php?rest_route=\/wp\/v2\/posts\/75630\/revisions\/75632"}],"wp:featuredmedia":[{"embeddable":true,"href":"https:\/\/2horizontes.com\/index.php?rest_route=\/wp\/v2\/media\/75631"}],"wp:attachment":[{"href":"https:\/\/2horizontes.com\/index.php?rest_route=%2Fwp%2Fv2%2Fmedia&parent=75630"}],"wp:term":[{"taxonomy":"category","embeddable":true,"href":"https:\/\/2horizontes.com\/index.php?rest_route=%2Fwp%2Fv2%2Fcategories&post=75630"},{"taxonomy":"post_tag","embeddable":true,"href":"https:\/\/2horizontes.com\/index.php?rest_route=%2Fwp%2Fv2%2Ftags&post=75630"}],"curies":[{"name":"wp","href":"https:\/\/api.w.org\/{rel}","templated":true}]}}