{"id":75626,"date":"2024-08-12T22:26:58","date_gmt":"2024-08-12T21:26:58","guid":{"rendered":"https:\/\/2horizontes.com\/?p=75626"},"modified":"2024-08-12T22:27:00","modified_gmt":"2024-08-12T21:27:00","slug":"nueva-york-miles-asisten-en-manhattan-a-desfile-dominicano","status":"publish","type":"post","link":"https:\/\/2horizontes.com\/?p=75626","title":{"rendered":"NUEVA YORK: Miles asisten en Manhattan a Desfile Dominicano"},"content":{"rendered":"\n<p>.<\/p>\n\n\n\n<ul class=\"wp-block-list\"><li><strong>Por&nbsp;&nbsp;<\/strong><a href=\"https:\/\/almomento.net\/author\/ramonmercedes\/\"><strong>RAMON MERCEDES<\/strong><\/a><\/li><li>Fecha: 12\/08\/2024&nbsp;<\/li><li><strong>Comparte:<\/strong>&nbsp;<a href=\"whatsapp:\/\/send?text=https:\/\/almomento.net\/nueva-york-miles-asisten-al-desfile-nacional-dominicano\/\"><\/a>&nbsp;<a href=\"https:\/\/www.facebook.com\/sharer.php?u=https:\/\/almomento.net\/nueva-york-miles-asisten-al-desfile-nacional-dominicano\/\" target=\"_blank\" rel=\"noreferrer noopener\"><\/a>&nbsp;<a href=\"https:\/\/twitter.com\/share?url=https:\/\/almomento.net\/nueva-york-miles-asisten-al-desfile-nacional-dominicano\/&amp;text=NUEVA%20YORK:%20Miles%20asisten%20en%20Manhattan%20a%20Desfile%20Dominicano\" target=\"_blank\" rel=\"noreferrer noopener\"><\/a><\/li><\/ul>\n\n\n\n<figure class=\"wp-block-embed is-type-rich is-provider-gestor-del-servicio wp-block-embed-gestor-del-servicio\"><div class=\"wp-block-embed__wrapper\">\nhttps:\/\/youtube.com\/watch?v=Qph83urdFkQ%3Fsi%3DcXBlI0Yngn6VLtYP\n<\/div><\/figure>\n\n\n\n<p>NUEVA YORK.- Miles de dominicanos asistieron este domingo al Desfile Dominicano en Manhattan,&nbsp; un evento ya tradicional que ha sido celebrado durante 42 a\u00f1os consecutivos que demuestra el poder\u00edo num\u00e9rico en el estado de Nueva York de los inmigrantes procedentes de la Rep\u00fablica Dominicana.<\/p>\n\n\n\n<p>El evento se inici\u00f3 a la 1:00 de la tarde en la esquina de la calle 37 y&nbsp; avenida Sexta, y se desarroll\u00f3 a lo largo de esta \u00faltima v\u00eda, hasta la calle 57.<\/p>\n\n\n\n<p>Desfilaron m\u00faltiples carrosas de empresas propiedad de dominicanos y&nbsp; grupos folcl\u00f3ricos representando regiones del pa\u00eds caribe\u00f1o.&nbsp; &nbsp;La mayor\u00eda de ellas llevaba sofisticados equipos de m\u00fasica a trav\u00e9s de los cuales se escuchaba&nbsp; a todo volumen merengues y bachatas.<\/p>\n\n\n\n<p>Tambi\u00e9n hicieron el recorrido a pi\u00e9 comparsas de los \u00abdiablos cojuelos y roba la gallina\u00bb, personajes emblem\u00e1ticos del folklore dominicano.<\/p>\n\n\n\n<p>En ambas aceras de la Sexta Avenida y calles perpendiculares fueron ondeadas cientos de miles de banderas dominicanas, quienes las enarbolaban con orgullo patrio.<\/p>\n\n\n\n<p>Entre los participantes figuraron el alcalde de la ciudad Eric Adams; el c\u00f3nsul dominicano en NY Eligio J\u00e1quez, el&nbsp; congresista Adriano Espaillat, los&nbsp; asamble\u00edstas George \u00c1lvarez y Yudelka Tapia, el comisionado de Transporte Ydanis Rodr\u00edguez y el director ejecutivo del Instituto Dominicano en el Exterior, Carlos de la Mota.<\/p>\n\n\n\n<figure class=\"wp-block-image\" id=\"attachment_973370\"><img decoding=\"async\" src=\"https:\/\/almomento.net\/wp-content\/uploads\/2024\/08\/desf1-300x164.jpg\" alt=\"\" class=\"wp-image-973370\"\/><figcaption>El c\u00f3nsul dominicano en Nueva York, Eligio J\u00e1quez, fue reconocido por el Comit\u00e9 Organizador del Desfile Dominicana. En la gr\u00e1fica, la presidenta de esta entidad, Cristina Contreras. mientras le entregaba una placa.<\/figcaption><\/figure>\n\n\n\n<p>Adem\u00e1s, el m\u00e9dico Rafael Lantigua, los empresarios Antonio Cabrera y Radham\u00e9s Rodr\u00edguez, presidentes de la Federaci\u00f3n de Taxistas de NY y la Asociaci\u00f3n de Bodegueros Unidos de Am\u00e9ricas, respectivamente y el l\u00edder comunitario Roberto Rojas, entre otros.<\/p>\n\n\n\n<figure class=\"wp-block-image\" id=\"attachment_973372\"><img decoding=\"async\" src=\"https:\/\/almomento.net\/wp-content\/uploads\/2024\/08\/desf2-300x178.jpg\" alt=\"\" class=\"wp-image-973372\"\/><figcaption>Los organizadores del desfile junto a autoridades de Nueva York<\/figcaption><\/figure>\n\n\n\n<p>Comp\u00e1rtelo en tus redes:<\/p>\n","protected":false},"excerpt":{"rendered":"<p>. Por&nbsp;&nbsp;RAMON MERCEDES Fecha: 12\/08\/2024&nbsp; Comparte:&nbsp;&nbsp;&nbsp; NUEVA YORK.- Miles de dominicanos asistieron este domingo al Desfile Dominicano en Manhattan,&nbsp; un evento ya tradicional que ha sido celebrado durante 42 a\u00f1os consecutivos que demuestra el poder\u00edo num\u00e9rico en el estado de Nueva York de los inmigrantes procedentes de la Rep\u00fablica Dominicana. El evento se inici\u00f3 a [&hellip;]<\/p>\n","protected":false},"author":1,"featured_media":75628,"comment_status":"open","ping_status":"open","sticky":false,"template":"","format":"standard","meta":{"footnotes":""},"categories":[62,1,40],"tags":[],"class_list":["post-75626","post","type-post","status-publish","format-standard","has-post-thumbnail","hentry","category-cultura","category-entretenimiento","category-internacionales"],"_links":{"self":[{"href":"https:\/\/2horizontes.com\/index.php?rest_route=\/wp\/v2\/posts\/75626","targetHints":{"allow":["GET"]}}],"collection":[{"href":"https:\/\/2horizontes.com\/index.php?rest_route=\/wp\/v2\/posts"}],"about":[{"href":"https:\/\/2horizontes.com\/index.php?rest_route=\/wp\/v2\/types\/post"}],"author":[{"embeddable":true,"href":"https:\/\/2horizontes.com\/index.php?rest_route=\/wp\/v2\/users\/1"}],"replies":[{"embeddable":true,"href":"https:\/\/2horizontes.com\/index.php?rest_route=%2Fwp%2Fv2%2Fcomments&post=75626"}],"version-history":[{"count":1,"href":"https:\/\/2horizontes.com\/index.php?rest_route=\/wp\/v2\/posts\/75626\/revisions"}],"predecessor-version":[{"id":75629,"href":"https:\/\/2horizontes.com\/index.php?rest_route=\/wp\/v2\/posts\/75626\/revisions\/75629"}],"wp:featuredmedia":[{"embeddable":true,"href":"https:\/\/2horizontes.com\/index.php?rest_route=\/wp\/v2\/media\/75628"}],"wp:attachment":[{"href":"https:\/\/2horizontes.com\/index.php?rest_route=%2Fwp%2Fv2%2Fmedia&parent=75626"}],"wp:term":[{"taxonomy":"category","embeddable":true,"href":"https:\/\/2horizontes.com\/index.php?rest_route=%2Fwp%2Fv2%2Fcategories&post=75626"},{"taxonomy":"post_tag","embeddable":true,"href":"https:\/\/2horizontes.com\/index.php?rest_route=%2Fwp%2Fv2%2Ftags&post=75626"}],"curies":[{"name":"wp","href":"https:\/\/api.w.org\/{rel}","templated":true}]}}