{"id":75548,"date":"2024-07-03T17:34:27","date_gmt":"2024-07-03T16:34:27","guid":{"rendered":"https:\/\/2horizontes.com\/?p=75548"},"modified":"2024-07-03T17:34:28","modified_gmt":"2024-07-03T16:34:28","slug":"miles-sin-luz-en-r-dominicana-a-causa-efectos-del-huracan-beryl","status":"publish","type":"post","link":"https:\/\/2horizontes.com\/?p=75548","title":{"rendered":"Miles sin luz en R. Dominicana a causa efectos del hurac\u00e1n Beryl"},"content":{"rendered":"\n<p>SANTO DOMINGO.- Miles de personas se encuentran sin servicio el\u00e9ctrico este mi\u00e9rcoles en la Rep\u00fablica Dominicana a causa de los efectos del hurac\u00e1n Beryl, el peligroso hurac\u00e1n de categor\u00eda 4 que avanza hacia Jamaica, que han afectado la distribuci\u00f3n y generaci\u00f3n el\u00e9ctrica, seg\u00fan las autoridades.<\/p>\n\n\n\n<p>El fuerte oleaje y los vientos provocados por Beryl, cuyos efectos se sintieron el martes en parte del territorio dominicano aunque con menor intensidad que lo previsto, \u00abhan generado interrupciones en el servicio el\u00e9ctrico en diversas partes del pa\u00eds\u00bb, precisaron en un comunicado conjunto las distribuidoras de electricidad Edenorte, Edesur y Edeeste.<\/p>\n\n\n\n<p>La situaci\u00f3n se ha visto agravada \u00abpor la salida de operaci\u00f3n de importantes unidades de generaci\u00f3n, lo que ha intensificado las dificultades para mantener el servicio el\u00e9ctrico estable\u00bb, agreg\u00f3 la nota, que asegura, que los t\u00e9cnicos de las distribuidoras \u00abest\u00e1n trabajando a tiempo completo para mitigar los da\u00f1os causados por las secuelas de Beryl en el menor tiempo posible\u00bb.<\/p>\n\n\n\n<p>Por su lado, el Ministerio de Energ\u00eda y Minas inform\u00f3 de que \u00abel fuerte y sostenido oleaje\u00bb provocado por el hurac\u00e1n en la costa este del pa\u00eds durante la tarde del martes \u00abha afectado sensiblemente la producci\u00f3n de algunas de las principales plantas de generaci\u00f3n el\u00e9ctrica del pa\u00eds\u00bb y que las brigadas del sector trabajan para restaurar el servicio el\u00e9ctrico.<\/p>\n\n\n\n<p>En resumen, explic\u00f3 en un comunicado, a las 10:50 de la noche del martes, por las citadas razones, el d\u00e9ficit de generaci\u00f3n alcanz\u00f3 hasta los 445 megavatios.<\/p>\n\n\n\n<p>Se espera que el sistema el\u00e9ctrico recupere su normalidad este mismo mi\u00e9rcoles, de acuerdo con el titular del MEM, Antonio Almonte.<\/p>\n\n\n\n<p>Excepto la situaci\u00f3n en el sistema el\u00e9ctrico, las autoridades no han reportado hasta ahora otros da\u00f1os a causa de Beryl, un peligroso hurac\u00e1n de categor\u00eda 4, que avanza hacia Jamaica, a donde llegar\u00e1 este mediod\u00eda con fuerza de cicl\u00f3n mayor, para desplazarse despu\u00e9s hacia M\u00e9xico y Belice.<\/p>\n\n\n\n<p>El primer hurac\u00e1n de la temporada atl\u00e1ntica se mantiene como un peligroso sistema con vientos m\u00e1ximos sostenidos de 230 kil\u00f3metros por hora (145 millas), seg\u00fan el m\u00e1s reciente bolet\u00edn del Centro Nacional de Huracanes (NHC, en ingl\u00e9s) de Estados Unidos.<\/p>\n\n\n\n<p>El cicl\u00f3n, que amenaza el Caribe central con marejadas y vientos destructivos, se encuentra a 200 kil\u00f3metros (125 millas) al sureste de Kingston (Jamaica) y a 690 kil\u00f3metros (430 millas) al este sureste de Gran Caim\u00e1n.<\/p>\n","protected":false},"excerpt":{"rendered":"<p>SANTO DOMINGO.- Miles de personas se encuentran sin servicio el\u00e9ctrico este mi\u00e9rcoles en la Rep\u00fablica Dominicana a causa de los efectos del hurac\u00e1n Beryl, el peligroso hurac\u00e1n de categor\u00eda 4 que avanza hacia Jamaica, que han afectado la distribuci\u00f3n y generaci\u00f3n el\u00e9ctrica, seg\u00fan las autoridades. El fuerte oleaje y los vientos provocados por Beryl, cuyos [&hellip;]<\/p>\n","protected":false},"author":1,"featured_media":75549,"comment_status":"open","ping_status":"open","sticky":false,"template":"","format":"standard","meta":{"footnotes":""},"categories":[44],"tags":[],"class_list":["post-75548","post","type-post","status-publish","format-standard","has-post-thumbnail","hentry","category-republica-dominicana"],"_links":{"self":[{"href":"https:\/\/2horizontes.com\/index.php?rest_route=\/wp\/v2\/posts\/75548","targetHints":{"allow":["GET"]}}],"collection":[{"href":"https:\/\/2horizontes.com\/index.php?rest_route=\/wp\/v2\/posts"}],"about":[{"href":"https:\/\/2horizontes.com\/index.php?rest_route=\/wp\/v2\/types\/post"}],"author":[{"embeddable":true,"href":"https:\/\/2horizontes.com\/index.php?rest_route=\/wp\/v2\/users\/1"}],"replies":[{"embeddable":true,"href":"https:\/\/2horizontes.com\/index.php?rest_route=%2Fwp%2Fv2%2Fcomments&post=75548"}],"version-history":[{"count":1,"href":"https:\/\/2horizontes.com\/index.php?rest_route=\/wp\/v2\/posts\/75548\/revisions"}],"predecessor-version":[{"id":75550,"href":"https:\/\/2horizontes.com\/index.php?rest_route=\/wp\/v2\/posts\/75548\/revisions\/75550"}],"wp:featuredmedia":[{"embeddable":true,"href":"https:\/\/2horizontes.com\/index.php?rest_route=\/wp\/v2\/media\/75549"}],"wp:attachment":[{"href":"https:\/\/2horizontes.com\/index.php?rest_route=%2Fwp%2Fv2%2Fmedia&parent=75548"}],"wp:term":[{"taxonomy":"category","embeddable":true,"href":"https:\/\/2horizontes.com\/index.php?rest_route=%2Fwp%2Fv2%2Fcategories&post=75548"},{"taxonomy":"post_tag","embeddable":true,"href":"https:\/\/2horizontes.com\/index.php?rest_route=%2Fwp%2Fv2%2Ftags&post=75548"}],"curies":[{"name":"wp","href":"https:\/\/api.w.org\/{rel}","templated":true}]}}