{"id":75495,"date":"2024-04-22T23:39:05","date_gmt":"2024-04-22T22:39:05","guid":{"rendered":"https:\/\/2horizontes.com\/?p=75495"},"modified":"2024-04-22T23:39:24","modified_gmt":"2024-04-22T22:39:24","slug":"leonel-fernandez-acusa-gobierno-manipular-cifras-de-criminalidad","status":"publish","type":"post","link":"https:\/\/2horizontes.com\/?p=75495","title":{"rendered":"Leonel Fern\u00e1ndez acusa Gobierno manipular cifras de criminalidad"},"content":{"rendered":"\n<p>.<\/p>\n\n\n\n<p>SANTO DOMINGO.- El candidato presidencial del partido Fuerza del Pueblo (FP), Leonel Fern\u00e1ndez, acus\u00f3 al Gobierno y al presidente Luis Abinader de manipular las estad\u00edsticas de la criminalidad y de ocultar informaci\u00f3n en ese sentido.<\/p>\n\n\n\n<p>En la rueda de prensa que ofrece cada lunes, el exMandatario afirm\u00f3 que en los primeros trimestres correspondientes al per\u00edodo 2019 y 2024, en Rep\u00fablica Dominicana se ha registrado un incremento en los casos de homicidios, robos y asaltos, entre otros delitos, \u00aby frente a ello se produce una manipulaci\u00f3n de estad\u00edsticas\u00bb.<\/p>\n\n\n\n<p>Explic\u00f3 que en los tres primeros meses de 2019 se registraron 242 homicidios, 221 en ese mismo per\u00edodo de 2020, 283 en 2021, 306 en 2022; 324 en 2023 y, tras esa tendencia ascendente, \u00abahora en el 2024 de repente en el primer trimestre cae a 39\u00bb, destac\u00f3.<\/p>\n\n\n\n<p><strong>\u00abAPAGON ESTADISTICO\u00bb<\/strong><\/p>\n\n\n\n<p>\u00abLo primero que uno observa es que hay una inconsistencia estad\u00edstica. Nada cae tan abruptamente, hay algo ah\u00ed que se est\u00e1 ocultando, lo llamamos manipulaci\u00f3n estad\u00edstica. Puede ser que estemos en el a\u00f1o electoral y se quiere generar un ocultamiento de la informaci\u00f3n\u00bb, indic\u00f3.<\/p>\n\n\n\n<p>Seg\u00fan Fern\u00e1ndez, \u00abse ha producido un apag\u00f3n estad\u00edstico, ya que desde mayo del a\u00f1o pasado el Ministerio de Interior y Polic\u00eda no publica las estad\u00edsticas de criminalidad, datos que antes ofrec\u00eda mensualmente, tampoco las publica la Procuradur\u00eda General de la Rep\u00fablica (PGR), y solo la Polic\u00eda Nacional ofrece esa informaci\u00f3n, aunque no lo hace de forma directa, sino a trav\u00e9s del Ministerio de la Presidencia, al que no compete esa funci\u00f3n\u00bb.<\/p>\n\n\n\n<p>\u00abTodo eso coincide con el hecho de que desde junio de 2023 el presidente de la Rep\u00fablica participa cada lunes en un encuentro con la Polic\u00eda Nacional y desde que se produce ese encuentro semanal hay un apag\u00f3n estad\u00edstico, ocultamiento de datos y manipulaci\u00f3n de esta informaci\u00f3n\u00bb, subray\u00f3.<\/p>\n\n\n\n<p><strong>INSEGURIDAD CIUDADANA<\/strong><\/p>\n\n\n\n<p>Agreg\u00f3 que \u00abhoy por hoy, la principal preocupaci\u00f3n del 66.5 % de la sociedad dominicana es la inseguridad ciudadana, seg\u00fan una encuesta nacional de hogares que realiza el Banco Central\u00bb.<\/p>\n\n\n\n<p>\u00abEl 53.2 % de la poblaci\u00f3n ha sido v\u00edctima de un hecho criminal al menos en una ocasi\u00f3n, un 22.4 % lo ha sufrido en dos ocasiones, el 14.2 % ha vivido una situaci\u00f3n de este tipo tres veces, y un 10 % en cuatro ocasiones o m\u00e1s\u00bb, expuso.<\/p>\n\n\n\n<p>Dijo que \u00abestas personas se ven afectadas a nivel psicol\u00f3gico y andan permanentemente con miedo, y ese es el problema, una sociedad que est\u00e1 enraizada en el temor\u00bb.<\/p>\n\n\n\n<p><strong>LA GENTE NO SALE POR TEMOR<\/strong><\/p>\n\n\n\n<p>\u00abLa sociedad se siente desprotegida, la gente no sale de noche por temor a ser v\u00edctima de una situaci\u00f3n de violencia. Hay desconfianza\u00bb, insisiti\u00f3.<\/p>\n\n\n\n<p>Asimismo, repas\u00f3 los distintos programas ejecutados por el Gobierno en materia de seguridad que, a su juicio, han supuesto un fracaso o han sido eventos meramente medi\u00e1ticos y afirm\u00f3 que no ha sido capaz de resolver el problema de inseguridad ciudadana, que prometi\u00f3 reducir en un 50 % en dos a\u00f1os.<\/p>\n\n\n\n<p>Fern\u00e1ndez expuso el programa de la Fuerza del Pueblo en materia de seguridad ciudadana, que incluye el uso de inteligencia artificial con car\u00e1cter preventivo, entre otros elementos.<\/p>\n\n\n\n<p>jt\/am<\/p>\n","protected":false},"excerpt":{"rendered":"<p>. SANTO DOMINGO.- El candidato presidencial del partido Fuerza del Pueblo (FP), Leonel Fern\u00e1ndez, acus\u00f3 al Gobierno y al presidente Luis Abinader de manipular las estad\u00edsticas de la criminalidad y de ocultar informaci\u00f3n en ese sentido. En la rueda de prensa que ofrece cada lunes, el exMandatario afirm\u00f3 que en los primeros trimestres correspondientes al [&hellip;]<\/p>\n","protected":false},"author":1,"featured_media":75496,"comment_status":"open","ping_status":"open","sticky":true,"template":"","format":"standard","meta":{"footnotes":""},"categories":[43,44],"tags":[],"class_list":["post-75495","post","type-post","status-publish","format-standard","has-post-thumbnail","hentry","category-politica","category-republica-dominicana"],"_links":{"self":[{"href":"https:\/\/2horizontes.com\/index.php?rest_route=\/wp\/v2\/posts\/75495","targetHints":{"allow":["GET"]}}],"collection":[{"href":"https:\/\/2horizontes.com\/index.php?rest_route=\/wp\/v2\/posts"}],"about":[{"href":"https:\/\/2horizontes.com\/index.php?rest_route=\/wp\/v2\/types\/post"}],"author":[{"embeddable":true,"href":"https:\/\/2horizontes.com\/index.php?rest_route=\/wp\/v2\/users\/1"}],"replies":[{"embeddable":true,"href":"https:\/\/2horizontes.com\/index.php?rest_route=%2Fwp%2Fv2%2Fcomments&post=75495"}],"version-history":[{"count":1,"href":"https:\/\/2horizontes.com\/index.php?rest_route=\/wp\/v2\/posts\/75495\/revisions"}],"predecessor-version":[{"id":75497,"href":"https:\/\/2horizontes.com\/index.php?rest_route=\/wp\/v2\/posts\/75495\/revisions\/75497"}],"wp:featuredmedia":[{"embeddable":true,"href":"https:\/\/2horizontes.com\/index.php?rest_route=\/wp\/v2\/media\/75496"}],"wp:attachment":[{"href":"https:\/\/2horizontes.com\/index.php?rest_route=%2Fwp%2Fv2%2Fmedia&parent=75495"}],"wp:term":[{"taxonomy":"category","embeddable":true,"href":"https:\/\/2horizontes.com\/index.php?rest_route=%2Fwp%2Fv2%2Fcategories&post=75495"},{"taxonomy":"post_tag","embeddable":true,"href":"https:\/\/2horizontes.com\/index.php?rest_route=%2Fwp%2Fv2%2Ftags&post=75495"}],"curies":[{"name":"wp","href":"https:\/\/api.w.org\/{rel}","templated":true}]}}