{"id":75462,"date":"2024-03-31T14:24:25","date_gmt":"2024-03-31T13:24:25","guid":{"rendered":"https:\/\/2horizontes.com\/?p=75462"},"modified":"2024-03-31T14:24:27","modified_gmt":"2024-03-31T13:24:27","slug":"el-papa-pide-un-intercambio-de-prisioneros-entre-rusia-y-ucrania","status":"publish","type":"post","link":"https:\/\/2horizontes.com\/?p=75462","title":{"rendered":"El papa pide un intercambio de prisioneros entre Rusia y Ucrania"},"content":{"rendered":"\n<p><\/p>\n\n\n\n<p>CIUDAD DEL VATICANO.- El papa Francisco pidi\u00f3 este Domingo de Resurrecci\u00f3n durante su mensaje de Pascua \u00abun intercambio general de todos los prisioneros entre Rusia y Ucrania\u00bb.<\/p>\n\n\n\n<p>\u00ab\u00a1Todos por todos!\u00bb, asever\u00f3 el papa desde la logia central de la bas\u00edlica de San Pedro para la bendici\u00f3n urbi et orbi ante 60.000 personas congregadas en la plaza y tras haber presidido la misa de Resurrecci\u00f3n.<\/p>\n\n\n\n<p>En su mensaje de Pascua en el que, como en otra ocasiones, enumer\u00f3 los conflictos y males que afligen al mundo, record\u00f3 a \u00ablas v\u00edctimas de tantos conflictos que est\u00e1n en curso en el mundo, comenzando por los de Israel y Palestina, y en Ucrania\u00bb y pidi\u00f3 que \u00abCristo resucitado abra un camino de paz para las martirizadas poblaciones de esas regiones\u00bb.<\/p>\n\n\n\n<p>El papa inst\u00f3 entonces a \u00abrespetar de los principios del derecho internacional\u00bb.<\/p>\n\n\n\n<p>Y entre sus ruegos pidi\u00f3 \u00abun intercambio general de todos los prisioneros entre Rusia y Ucrania\u00bb. \u00ab\u00a1Todos por todos!\u00bb.<\/p>\n\n\n\n<p>El Vaticano hab\u00eda mediado en pasado para el intercambio de prisioneros en los primeros meses del conflicto, pero posteriormente la misi\u00f3n diplom\u00e1tica de la Santa Sede se qued\u00f3 estancada.<\/p>\n\n\n\n<p>Francisco nombr\u00f3 al cardenal Matteo Zuppi para que se ocupase de una misi\u00f3n de mediaci\u00f3n sobre todo humanitaria, como para que vuelvan a su pa\u00eds los ni\u00f1os ucranianos deportados a Rusia, pero por el momento no ha habido resultados.<\/p>\n\n\n\n<p>En su mensaje, tambi\u00e9n Francisco reiter\u00f3 su llamamiento para \u00abque se garantice la posibilidad del acceso de ayudas humanitarias a Gaza, exhortando nuevamente a la r\u00e1pida liberaci\u00f3n de los rehenes secuestrados el pasado 7 de octubre y a un inmediato alto el fuego en la Franja\u00bb.<\/p>\n\n\n\n<p>\u00abNo permitamos que las hostilidades en curso contin\u00faen afectando gravemente a la poblaci\u00f3n civil, ya de por s\u00ed extenuada, y principalmente a los ni\u00f1os. Cu\u00e1nto sufrimiento vemos en sus ojos\u00bb, se\u00f1al\u00f3 el papa.<\/p>\n\n\n\n<p>El papa tambi\u00e9n lanz\u00f3 un advertencia: \u00abNo permitamos que los vientos de la guerra soplen cada vez m\u00e1s fuertes sobre Europa y sobre el Mediterr\u00e1neo\u00bb y \u00abque no se ceda a la l\u00f3gica de las armas y del rearme\u00bb.<\/p>\n\n\n\n<p>\u00abLa paz no se construye nunca con las armas, sino tendiendo la mano y abriendo el coraz\u00f3n\u00bb, destac\u00f3.<\/p>\n","protected":false},"excerpt":{"rendered":"<p>CIUDAD DEL VATICANO.- El papa Francisco pidi\u00f3 este Domingo de Resurrecci\u00f3n durante su mensaje de Pascua \u00abun intercambio general de todos los prisioneros entre Rusia y Ucrania\u00bb. \u00ab\u00a1Todos por todos!\u00bb, asever\u00f3 el papa desde la logia central de la bas\u00edlica de San Pedro para la bendici\u00f3n urbi et orbi ante 60.000 personas congregadas en la [&hellip;]<\/p>\n","protected":false},"author":1,"featured_media":75463,"comment_status":"open","ping_status":"open","sticky":false,"template":"","format":"standard","meta":{"footnotes":""},"categories":[40],"tags":[],"class_list":["post-75462","post","type-post","status-publish","format-standard","has-post-thumbnail","hentry","category-internacionales"],"_links":{"self":[{"href":"https:\/\/2horizontes.com\/index.php?rest_route=\/wp\/v2\/posts\/75462","targetHints":{"allow":["GET"]}}],"collection":[{"href":"https:\/\/2horizontes.com\/index.php?rest_route=\/wp\/v2\/posts"}],"about":[{"href":"https:\/\/2horizontes.com\/index.php?rest_route=\/wp\/v2\/types\/post"}],"author":[{"embeddable":true,"href":"https:\/\/2horizontes.com\/index.php?rest_route=\/wp\/v2\/users\/1"}],"replies":[{"embeddable":true,"href":"https:\/\/2horizontes.com\/index.php?rest_route=%2Fwp%2Fv2%2Fcomments&post=75462"}],"version-history":[{"count":1,"href":"https:\/\/2horizontes.com\/index.php?rest_route=\/wp\/v2\/posts\/75462\/revisions"}],"predecessor-version":[{"id":75464,"href":"https:\/\/2horizontes.com\/index.php?rest_route=\/wp\/v2\/posts\/75462\/revisions\/75464"}],"wp:featuredmedia":[{"embeddable":true,"href":"https:\/\/2horizontes.com\/index.php?rest_route=\/wp\/v2\/media\/75463"}],"wp:attachment":[{"href":"https:\/\/2horizontes.com\/index.php?rest_route=%2Fwp%2Fv2%2Fmedia&parent=75462"}],"wp:term":[{"taxonomy":"category","embeddable":true,"href":"https:\/\/2horizontes.com\/index.php?rest_route=%2Fwp%2Fv2%2Fcategories&post=75462"},{"taxonomy":"post_tag","embeddable":true,"href":"https:\/\/2horizontes.com\/index.php?rest_route=%2Fwp%2Fv2%2Ftags&post=75462"}],"curies":[{"name":"wp","href":"https:\/\/api.w.org\/{rel}","templated":true}]}}