{"id":75459,"date":"2024-03-19T14:10:11","date_gmt":"2024-03-19T13:10:11","guid":{"rendered":"https:\/\/2horizontes.com\/?p=75459"},"modified":"2024-03-19T14:14:01","modified_gmt":"2024-03-19T13:14:01","slug":"leonel-dice-debate-electoral-sera-la-verdad-contra-las-mentiras","status":"publish","type":"post","link":"https:\/\/2horizontes.com\/?p=75459","title":{"rendered":"Leonel dice debate electoral ser\u00e1 \u00abla verdad contra las mentiras\u201d"},"content":{"rendered":"\n<p><\/p>\n\n\n\n<p>Santo Domingo, 16 mar (EFE).- El candidato a la Presidencia del pa\u00eds por la Fuerza del Pueblo, Leonel Fern\u00e1ndez, confirm\u00f3 este s\u00e1bado su participaci\u00f3n en el debate electoral de la Asociaci\u00f3n Nacional de J\u00f3venes Empresarios (ANJE), del 24 de abril pr\u00f3ximo, de cara a los comicios de mayo.<\/p>\n\n\n\n<p>\u201cAcepto el debate con el presidente de la Rep\u00fablica, Luis Abinader\u201d, asegur\u00f3 en unas declaraciones el expresidente del pa\u00eds, quien se presentar\u00e1 a las elecciones por quinta ocasi\u00f3n.Fern\u00e1ndez confirm\u00f3 su participaci\u00f3n un d\u00eda despu\u00e9s de que el presidente Abinader, quien aspiraba a la reelecci\u00f3n, anunciara que acudir\u00e1 a la cita, que se transmitir\u00e1 la noche del 24 de abril desde la sede de la Universidad Pedro Henr\u00edquez Ure\u00f1a (Unphu).<\/p>\n\n\n\n<p>LE DEJARON \u00abLA SILLA VAC\u00cdA\u00bb<\/p>\n\n\n\n<p>Fern\u00e1ndez dijo que desde que fue candidato por vez primera, en el a\u00f1o de 1996, plante\u00f3 el debate, \u00abpero me dejaron la silla vac\u00eda\u00bb y \u00abpor esa raz\u00f3n no se dio el debate\u00bb.<\/p>\n\n\n\n<p>\u201cPero este debate es historia e importante, porque ser\u00e1 el debate de la verdad contra las mentiras\u201d, afirm\u00f3 el tambi\u00e9n presidente de la Fuerza del Pueblo.<\/p>\n\n\n\n<p>Ser\u00e1, insisti\u00f3, \u00abun debate de la democracia contra la dinerocracia. Ser\u00e1 el debate de quien es capaz de construir un futuro mejor para la Rep\u00fablica Dominicana y quien solamente construye un futuro de falacias para la Rep\u00fablica Dominicana\u00bb.<\/p>\n\n\n\n<p>La Rep\u00fablica Dominicana celebrar\u00e1 elecciones presidenciales el 19 de mayo y, en caso de que sea necesaria una segunda vuelta, esta tendr\u00e1 lugar el 30 de junio.<\/p>\n","protected":false},"excerpt":{"rendered":"<p>Santo Domingo, 16 mar (EFE).- El candidato a la Presidencia del pa\u00eds por la Fuerza del Pueblo, Leonel Fern\u00e1ndez, confirm\u00f3 este s\u00e1bado su participaci\u00f3n en el debate electoral de la Asociaci\u00f3n Nacional de J\u00f3venes Empresarios (ANJE), del 24 de abril pr\u00f3ximo, de cara a los comicios de mayo. \u201cAcepto el debate con el presidente de [&hellip;]<\/p>\n","protected":false},"author":1,"featured_media":75461,"comment_status":"open","ping_status":"open","sticky":false,"template":"","format":"standard","meta":{"footnotes":""},"categories":[43,44],"tags":[],"class_list":["post-75459","post","type-post","status-publish","format-standard","has-post-thumbnail","hentry","category-politica","category-republica-dominicana"],"_links":{"self":[{"href":"https:\/\/2horizontes.com\/index.php?rest_route=\/wp\/v2\/posts\/75459","targetHints":{"allow":["GET"]}}],"collection":[{"href":"https:\/\/2horizontes.com\/index.php?rest_route=\/wp\/v2\/posts"}],"about":[{"href":"https:\/\/2horizontes.com\/index.php?rest_route=\/wp\/v2\/types\/post"}],"author":[{"embeddable":true,"href":"https:\/\/2horizontes.com\/index.php?rest_route=\/wp\/v2\/users\/1"}],"replies":[{"embeddable":true,"href":"https:\/\/2horizontes.com\/index.php?rest_route=%2Fwp%2Fv2%2Fcomments&post=75459"}],"version-history":[{"count":1,"href":"https:\/\/2horizontes.com\/index.php?rest_route=\/wp\/v2\/posts\/75459\/revisions"}],"predecessor-version":[{"id":75460,"href":"https:\/\/2horizontes.com\/index.php?rest_route=\/wp\/v2\/posts\/75459\/revisions\/75460"}],"wp:featuredmedia":[{"embeddable":true,"href":"https:\/\/2horizontes.com\/index.php?rest_route=\/wp\/v2\/media\/75461"}],"wp:attachment":[{"href":"https:\/\/2horizontes.com\/index.php?rest_route=%2Fwp%2Fv2%2Fmedia&parent=75459"}],"wp:term":[{"taxonomy":"category","embeddable":true,"href":"https:\/\/2horizontes.com\/index.php?rest_route=%2Fwp%2Fv2%2Fcategories&post=75459"},{"taxonomy":"post_tag","embeddable":true,"href":"https:\/\/2horizontes.com\/index.php?rest_route=%2Fwp%2Fv2%2Ftags&post=75459"}],"curies":[{"name":"wp","href":"https:\/\/api.w.org\/{rel}","templated":true}]}}