{"id":75455,"date":"2024-03-19T14:02:26","date_gmt":"2024-03-19T13:02:26","guid":{"rendered":"https:\/\/2horizontes.com\/?p=75455"},"modified":"2024-03-19T14:02:27","modified_gmt":"2024-03-19T13:02:27","slug":"controlado-incendio-que-dejo-3-fallecidos-en-carcel-dominicana","status":"publish","type":"post","link":"https:\/\/2horizontes.com\/?p=75455","title":{"rendered":"Controlado incendio que dej\u00f3 3 fallecidos en c\u00e1rcel dominicana"},"content":{"rendered":"\n<p><\/p>\n\n\n\n<p>SANTO DOMINGO, 19 mar \u2013 El incendio originado en el centro penitenciario de La Victoria, en la capital dominicana, est\u00e1 controlado, de acuerdo con informaciones oficiales, mientras varios prisioneros contin\u00faan hoy hospitalizados por lesiones.<\/p>\n\n\n\n<p>El presidente de la Rep\u00fablica, Luis Abinader, indic\u00f3 a la prensa en horas de la tarde de este lunes que los bomberos ten\u00edan varias horas tratando de sofocar las llamas en la parte trasera de la c\u00e1rcel.<\/p>\n\n\n\n<p>Durante el encuentro en LA Semanal con la Prensa, el mandatario confirm\u00f3 que hasta ese momento hab\u00edan fallecido tres personas a causa del siniestro, mientras que al menos 11 est\u00e1n ingresadas.<\/p>\n\n\n\n<p>En la tarde-noche varios familiares de los privados de libertad se manten\u00edan en las afueras del recinto, en Santo Domingo&nbsp; Norte, con la esperanza de tener informaci\u00f3n sobre sus seres allegados.<\/p>\n\n\n\n<p>Los aquejados fueron trasladados al \u00e1rea de Emergencias de la Unidad de Quemados Pearl F. Ort y el Ney Arias Lora.<\/p>\n\n\n\n<p>El doctor Julio Landr\u00f3n, director general del Hospital Universitario Docente Traumatol\u00f3gico Dr. Ney Arias Lora, indic\u00f3 que estas personas fueron ingresadas por inhalaci\u00f3n de humo para observar su evoluci\u00f3n y de estos, dos presentan quemaduras entre uno y dos por ciento de superficie corporal.<\/p>\n\n\n\n<p>Despu\u00e9s del incendio que afect\u00f3 la estructura de la c\u00e1rcel de La Victoria, alrededor de 10 camiones fueron utilizados para reubicar a los reclusos en otros centros penitenciarios.<\/p>\n\n\n\n<p><em>(Con informaci\u00f3n de Prensa Latina)<\/em><\/p>\n\n\n\n<p>oda\/mpv<\/p>\n","protected":false},"excerpt":{"rendered":"<p>SANTO DOMINGO, 19 mar \u2013 El incendio originado en el centro penitenciario de La Victoria, en la capital dominicana, est\u00e1 controlado, de acuerdo con informaciones oficiales, mientras varios prisioneros contin\u00faan hoy hospitalizados por lesiones. El presidente de la Rep\u00fablica, Luis Abinader, indic\u00f3 a la prensa en horas de la tarde de este lunes que los [&hellip;]<\/p>\n","protected":false},"author":1,"featured_media":75457,"comment_status":"open","ping_status":"open","sticky":false,"template":"","format":"standard","meta":{"footnotes":""},"categories":[44],"tags":[],"class_list":["post-75455","post","type-post","status-publish","format-standard","has-post-thumbnail","hentry","category-republica-dominicana"],"_links":{"self":[{"href":"https:\/\/2horizontes.com\/index.php?rest_route=\/wp\/v2\/posts\/75455","targetHints":{"allow":["GET"]}}],"collection":[{"href":"https:\/\/2horizontes.com\/index.php?rest_route=\/wp\/v2\/posts"}],"about":[{"href":"https:\/\/2horizontes.com\/index.php?rest_route=\/wp\/v2\/types\/post"}],"author":[{"embeddable":true,"href":"https:\/\/2horizontes.com\/index.php?rest_route=\/wp\/v2\/users\/1"}],"replies":[{"embeddable":true,"href":"https:\/\/2horizontes.com\/index.php?rest_route=%2Fwp%2Fv2%2Fcomments&post=75455"}],"version-history":[{"count":1,"href":"https:\/\/2horizontes.com\/index.php?rest_route=\/wp\/v2\/posts\/75455\/revisions"}],"predecessor-version":[{"id":75458,"href":"https:\/\/2horizontes.com\/index.php?rest_route=\/wp\/v2\/posts\/75455\/revisions\/75458"}],"wp:featuredmedia":[{"embeddable":true,"href":"https:\/\/2horizontes.com\/index.php?rest_route=\/wp\/v2\/media\/75457"}],"wp:attachment":[{"href":"https:\/\/2horizontes.com\/index.php?rest_route=%2Fwp%2Fv2%2Fmedia&parent=75455"}],"wp:term":[{"taxonomy":"category","embeddable":true,"href":"https:\/\/2horizontes.com\/index.php?rest_route=%2Fwp%2Fv2%2Fcategories&post=75455"},{"taxonomy":"post_tag","embeddable":true,"href":"https:\/\/2horizontes.com\/index.php?rest_route=%2Fwp%2Fv2%2Ftags&post=75455"}],"curies":[{"name":"wp","href":"https:\/\/api.w.org\/{rel}","templated":true}]}}