{"id":75377,"date":"2024-01-17T09:52:04","date_gmt":"2024-01-17T08:52:04","guid":{"rendered":"https:\/\/2horizontes.com\/?p=75377"},"modified":"2024-01-17T09:52:05","modified_gmt":"2024-01-17T08:52:05","slug":"18-meses-prision-preventiva-a-acusada-torturar-y-matar-nino","status":"publish","type":"post","link":"https:\/\/2horizontes.com\/?p=75377","title":{"rendered":"18 meses prisi\u00f3n preventiva a acusada torturar y matar ni\u00f1o"},"content":{"rendered":"\n<p>\u00a0<a rel=\"noreferrer noopener\" href=\"https:\/\/twitter.com\/share?url=https:\/\/almomento.net\/conoceran-este-martes-coercion-a-mujer-que-torturo-y-mato-sobrino\/&amp;text=18%20meses%20prisi%C3%B3n%20preventiva%20a%20acusada%20torturar%20y%20matar%20ni%C3%B1o\" target=\"_blank\"><\/a><\/p>\n\n\n\n<p>HIGUEY, Rep\u00fablica Dominicana.- La Oficina del Juzgado de la Instrucci\u00f3n en Servicio de Atenci\u00f3n Permanente de la provincia La Altagracia dispuso este martes 18 meses de prisi\u00f3n preventiva contra los implicados en la tortura y muerte de un ni\u00f1o de ocho a\u00f1os en Ver\u00f3n, Punta Cana.<\/p>\n\n\n\n<p>El juez Francis Dilone Reyes, adem\u00e1s, declar\u00f3 complejo el caso contra&nbsp;Carmen Jim\u00e9nez, t\u00eda y quien estaba a cargo del menor, y su pareja, Gonz\u00e1lez Valent\u00edn Rojas.<\/p>\n\n\n\n<p>El caso es investigado por los fiscales Claudia Garrido, Silveria Poueriet, Hendrich Ram\u00edrez, Aneurys Castillo, Alba Mota y V\u00edctor Camacho.<\/p>\n\n\n\n<p>El menor fue llevado sin signos vitales al hospital de Ver\u00f3n por su presunta verduga y su pareja, quien fueron detenidos y entregados el lunes al Ministerio P\u00fablico.<\/p>\n\n\n\n<p>El cuerpo presentaba 147 heridas y seis p\u00e9rdidas dentales, producto del maltrato.<\/p>\n\n\n\n<p>Jim\u00e9nez, supuestamente,&nbsp;admiti\u00f3 que hab\u00eda torturado al ni\u00f1o durante varios d\u00edas, debido a que \u00abera muy molestoso y romp\u00eda cosas en la casa\u00bb.<\/p>\n\n\n\n<p>Dijo que utiliz\u00f3 un cuchillo, un machete, un cable para amarrar a su sobrino y otras herramientas para golpearlo.<\/p>\n\n\n\n<p>De su lado, Santiago Colom\u00e9 Jim\u00e9nez, padre del menor, explic\u00f3 que pagaba a su hermana seis mil pesos cada 15 d\u00edas para que cuidara y alimentara al ni\u00f1o.<\/p>\n\n\n\n<p>Indic\u00f3 que no hab\u00eda visto a su hijo desde principios de noviembre.<\/p>\n\n\n\n<p><strong>ABINADER: HAY QUE ENDURECER PENAS<\/strong><\/p>\n\n\n\n<p>El presidente Luis Abinader clam\u00f3 por mayores penas en el C\u00f3digo Penal Dominicano (CPD) contra las personas que cometan cr\u00edmenes horrendos, asesinatos y actos de tortura y barbarie, como el arriba se\u00f1alado.<\/p>\n\n\n\n<p>\u00abHay que endurecer esas penas\u00bb, afirm\u00f3 el Mandatario visiblemente afectado por el caso y ante la pregunta de un periodista que asisti\u00f3 a&nbsp;LA Semanal con la Prensa.<\/p>\n\n\n\n<p>\u00abMira, hoy en la reuni\u00f3n sobre la Fuerza de Tarea (Conjunta) en la Polic\u00eda Nacional, yo quiero decirte que no se pudo, paramos la descripci\u00f3n de lo que pas\u00f3 con ese ni\u00f1o\u00bb, expres\u00f3 Abinader.<\/p>\n\n\n\n<p><strong>INVESTIGAN DIFUSION IMAGENES&nbsp;<\/strong><\/p>\n\n\n\n<p>La Fiscal\u00eda investigar\u00e1 para determinar el origen y a los responsables de la filtraci\u00f3n de las im\u00e1genes del menor.<\/p>\n\n\n\n<p>Para ello utilizar\u00e1 herramientas tecnol\u00f3gicas que le permitir\u00e1n rastrear el origen de la filtraci\u00f3n y tomar\u00e1 acciones legales contra quienes tengan las im\u00e1genes en su portal y\/o las reproduzcan.<\/p>\n\n\n\n<p>Explic\u00f3 que el objetivo es garantizar el respeto a la dignidad del menor y su familia y aplicar las sanciones correspondientes a quienes violen la prohibici\u00f3n legal acerca de la difusi\u00f3n de dichas im\u00e1genes.<\/p>\n\n\n\n<p>El Ministerio P\u00fablico indic\u00f3 que la divulgaci\u00f3n de las im\u00e1genes constituye una violaci\u00f3n a la ley.<\/p>\n\n\n\n<p>Adem\u00e1s, pide a la sociedad respeto a la privacidad y la integridad de las v\u00edctimas y sus familias \u00abimpidiendo la reproducci\u00f3n y difusi\u00f3n de contenidos sensibles que puedan causar m\u00e1s da\u00f1o y sufrimiento\u00bb.<\/p>\n\n\n\n<p>jt\/am<\/p>\n\n\n\n<p>0<\/p>\n\n\n\n<p>Article Rating<\/p>\n","protected":false},"excerpt":{"rendered":"<p>\u00a0 HIGUEY, Rep\u00fablica Dominicana.- La Oficina del Juzgado de la Instrucci\u00f3n en Servicio de Atenci\u00f3n Permanente de la provincia La Altagracia dispuso este martes 18 meses de prisi\u00f3n preventiva contra los implicados en la tortura y muerte de un ni\u00f1o de ocho a\u00f1os en Ver\u00f3n, Punta Cana. El juez Francis Dilone Reyes, adem\u00e1s, declar\u00f3 complejo [&hellip;]<\/p>\n","protected":false},"author":1,"featured_media":75378,"comment_status":"open","ping_status":"open","sticky":false,"template":"","format":"standard","meta":{"footnotes":""},"categories":[53,44],"tags":[],"class_list":["post-75377","post","type-post","status-publish","format-standard","has-post-thumbnail","hentry","category-provincias","category-republica-dominicana"],"_links":{"self":[{"href":"https:\/\/2horizontes.com\/index.php?rest_route=\/wp\/v2\/posts\/75377","targetHints":{"allow":["GET"]}}],"collection":[{"href":"https:\/\/2horizontes.com\/index.php?rest_route=\/wp\/v2\/posts"}],"about":[{"href":"https:\/\/2horizontes.com\/index.php?rest_route=\/wp\/v2\/types\/post"}],"author":[{"embeddable":true,"href":"https:\/\/2horizontes.com\/index.php?rest_route=\/wp\/v2\/users\/1"}],"replies":[{"embeddable":true,"href":"https:\/\/2horizontes.com\/index.php?rest_route=%2Fwp%2Fv2%2Fcomments&post=75377"}],"version-history":[{"count":1,"href":"https:\/\/2horizontes.com\/index.php?rest_route=\/wp\/v2\/posts\/75377\/revisions"}],"predecessor-version":[{"id":75379,"href":"https:\/\/2horizontes.com\/index.php?rest_route=\/wp\/v2\/posts\/75377\/revisions\/75379"}],"wp:featuredmedia":[{"embeddable":true,"href":"https:\/\/2horizontes.com\/index.php?rest_route=\/wp\/v2\/media\/75378"}],"wp:attachment":[{"href":"https:\/\/2horizontes.com\/index.php?rest_route=%2Fwp%2Fv2%2Fmedia&parent=75377"}],"wp:term":[{"taxonomy":"category","embeddable":true,"href":"https:\/\/2horizontes.com\/index.php?rest_route=%2Fwp%2Fv2%2Fcategories&post=75377"},{"taxonomy":"post_tag","embeddable":true,"href":"https:\/\/2horizontes.com\/index.php?rest_route=%2Fwp%2Fv2%2Ftags&post=75377"}],"curies":[{"name":"wp","href":"https:\/\/api.w.org\/{rel}","templated":true}]}}