{"id":75360,"date":"2024-01-08T22:50:52","date_gmt":"2024-01-08T21:50:52","guid":{"rendered":"https:\/\/2horizontes.com\/?p=75360"},"modified":"2024-01-08T22:54:31","modified_gmt":"2024-01-08T21:54:31","slug":"la-fascinante-historia-de-juan-rodriguez-primer-inmigrante-ny","status":"publish","type":"post","link":"https:\/\/2horizontes.com\/?p=75360","title":{"rendered":"La fascinante historia de Juan Rodr\u00edguez, primer inmigrante NY"},"content":{"rendered":"\n<p><\/p>\n\n\n\n<p>NUEVA YORK.- Para los dominicanos, Nueva York es un universo de oportunidades y representa un lugar donde esta&nbsp; comunidad se destaca, siempre enalteciendo su bandera.<\/p>\n\n\n\n<p>Pero, \u00bfcu\u00e1l es la historia detr\u00e1s de esta incre\u00edble comunidad? \u00bfC\u00f3mo se convierte Nueva York en una metr\u00f3polis? \u00bfCu\u00e1l fue el papel de los dominicanos en su desarrollo?.<\/p>\n\n\n\n<p>Las respuestas a estas preguntas est\u00e1n contenidas en el siguiente reportaje:<\/p>\n\n\n\n<figure class=\"wp-block-embed is-type-rich is-provider-gestor-del-servicio wp-block-embed-gestor-del-servicio\"><div class=\"wp-block-embed__wrapper\">\nhttps:\/\/youtube.com\/watch?v=A9NA2dzAMKc%3Ffeature%3Doembed\n<\/div><\/figure>\n","protected":false},"excerpt":{"rendered":"<p>NUEVA YORK.- Para los dominicanos, Nueva York es un universo de oportunidades y representa un lugar donde esta&nbsp; comunidad se destaca, siempre enalteciendo su bandera. Pero, \u00bfcu\u00e1l es la historia detr\u00e1s de esta incre\u00edble comunidad? \u00bfC\u00f3mo se convierte Nueva York en una metr\u00f3polis? \u00bfCu\u00e1l fue el papel de los dominicanos en su desarrollo?. Las respuestas [&hellip;]<\/p>\n","protected":false},"author":1,"featured_media":75362,"comment_status":"open","ping_status":"open","sticky":false,"template":"","format":"standard","meta":{"footnotes":""},"categories":[54,40],"tags":[],"class_list":["post-75360","post","type-post","status-publish","format-standard","has-post-thumbnail","hentry","category-emigrantes","category-internacionales"],"_links":{"self":[{"href":"https:\/\/2horizontes.com\/index.php?rest_route=\/wp\/v2\/posts\/75360","targetHints":{"allow":["GET"]}}],"collection":[{"href":"https:\/\/2horizontes.com\/index.php?rest_route=\/wp\/v2\/posts"}],"about":[{"href":"https:\/\/2horizontes.com\/index.php?rest_route=\/wp\/v2\/types\/post"}],"author":[{"embeddable":true,"href":"https:\/\/2horizontes.com\/index.php?rest_route=\/wp\/v2\/users\/1"}],"replies":[{"embeddable":true,"href":"https:\/\/2horizontes.com\/index.php?rest_route=%2Fwp%2Fv2%2Fcomments&post=75360"}],"version-history":[{"count":1,"href":"https:\/\/2horizontes.com\/index.php?rest_route=\/wp\/v2\/posts\/75360\/revisions"}],"predecessor-version":[{"id":75363,"href":"https:\/\/2horizontes.com\/index.php?rest_route=\/wp\/v2\/posts\/75360\/revisions\/75363"}],"wp:featuredmedia":[{"embeddable":true,"href":"https:\/\/2horizontes.com\/index.php?rest_route=\/wp\/v2\/media\/75362"}],"wp:attachment":[{"href":"https:\/\/2horizontes.com\/index.php?rest_route=%2Fwp%2Fv2%2Fmedia&parent=75360"}],"wp:term":[{"taxonomy":"category","embeddable":true,"href":"https:\/\/2horizontes.com\/index.php?rest_route=%2Fwp%2Fv2%2Fcategories&post=75360"},{"taxonomy":"post_tag","embeddable":true,"href":"https:\/\/2horizontes.com\/index.php?rest_route=%2Fwp%2Fv2%2Ftags&post=75360"}],"curies":[{"name":"wp","href":"https:\/\/api.w.org\/{rel}","templated":true}]}}