{"id":75353,"date":"2024-01-08T22:29:23","date_gmt":"2024-01-08T21:29:23","guid":{"rendered":"https:\/\/2horizontes.com\/?p=75353"},"modified":"2024-01-08T22:29:24","modified_gmt":"2024-01-08T21:29:24","slug":"franco-sale-de-prision-tras-pago-2-millones-de-garantia-economica","status":"publish","type":"post","link":"https:\/\/2horizontes.com\/?p=75353","title":{"rendered":"Franco sale de prisi\u00f3n tras pago 2 millones de garant\u00eda econ\u00f3mica"},"content":{"rendered":"\n<p>.<\/p>\n\n\n\n<p>SANTO DOMINGO.- El pelotero de Grandes Ligas Wander Franco, acusado de sostener relaciones sexuales con una menor, sali\u00f3 de prisi\u00f3n este lunes luego de realizar el pago de los dos millones de pesos en efectivo que le hab\u00eda impuesto un tribunal de Puerto Plata como garant\u00eda econ\u00f3mica.<\/p>\n\n\n\n<p>El dinero fue depositado en el Banco Agr\u00edcola de la Rep\u00fablica Dominicana. El pelotero se retir\u00f3 del Palacio de Justicia&nbsp; manejando una camioneta marca Ford<\/p>\n\n\n\n<p><strong>LA ACUSACI\u00d3N<\/strong><\/p>\n\n\n\n<p>El Ministerio P\u00fablico acusa al campocorto de los Rays de Tampa Bay de explotaci\u00f3n sexual y comercial de una menor de 15 a\u00f1os de edad y por lavado de activos.<\/p>\n\n\n\n<p>Tambi\u00e9n est\u00e1 imputada la madre de la menor, Martha Vanessa Chevalier Almonte, contra quien el tribunal de Atenci\u00f3n Permanente dispuso arresto domiciliario e impedimento de salida del pa\u00eds.<\/p>\n\n\n\n<p>A Franco le atribuyen la violaci\u00f3n a las disposiciones contenidas en los art\u00edculos 396 Literal C, 25, 409 y 410, el Principio V, de la Ley 136-03, del C\u00f3digo para el Sistema de Protecci\u00f3n de los derechos Fundamentales de Ni\u00f1os, Ni\u00f1as y adolescentes as\u00ed como los art\u00edculos 265 y 266 del C\u00f3digo Penal Dominicano, que tipifica la asociaci\u00f3n de malhechores.<\/p>\n\n\n\n<p>En cuanto a la madre de la menor, el \u00f3rgano persecutor le imputa la violaci\u00f3n a los art\u00edculos 25, 409 y 410 y V de la Ley 136-03, sobre el C\u00f3digo para el Sistema de Protecci\u00f3n de los Derechos Fundamentales de los Ni\u00f1os, Ni\u00f1as y Adolescentes, adem\u00e1s de art\u00edculos 265 y 266 del C\u00f3digo Penal Dominicano, y de la Ley 155-17, sobre Lavado de Activos y Financiamiento del Terrorismo.<\/p>\n\n\n\n<p>an\/am<\/p>\n","protected":false},"excerpt":{"rendered":"<p>. SANTO DOMINGO.- El pelotero de Grandes Ligas Wander Franco, acusado de sostener relaciones sexuales con una menor, sali\u00f3 de prisi\u00f3n este lunes luego de realizar el pago de los dos millones de pesos en efectivo que le hab\u00eda impuesto un tribunal de Puerto Plata como garant\u00eda econ\u00f3mica. El dinero fue depositado en el Banco [&hellip;]<\/p>\n","protected":false},"author":1,"featured_media":75354,"comment_status":"open","ping_status":"open","sticky":false,"template":"","format":"standard","meta":{"footnotes":""},"categories":[42,44],"tags":[],"class_list":["post-75353","post","type-post","status-publish","format-standard","has-post-thumbnail","hentry","category-deportes","category-republica-dominicana"],"_links":{"self":[{"href":"https:\/\/2horizontes.com\/index.php?rest_route=\/wp\/v2\/posts\/75353","targetHints":{"allow":["GET"]}}],"collection":[{"href":"https:\/\/2horizontes.com\/index.php?rest_route=\/wp\/v2\/posts"}],"about":[{"href":"https:\/\/2horizontes.com\/index.php?rest_route=\/wp\/v2\/types\/post"}],"author":[{"embeddable":true,"href":"https:\/\/2horizontes.com\/index.php?rest_route=\/wp\/v2\/users\/1"}],"replies":[{"embeddable":true,"href":"https:\/\/2horizontes.com\/index.php?rest_route=%2Fwp%2Fv2%2Fcomments&post=75353"}],"version-history":[{"count":1,"href":"https:\/\/2horizontes.com\/index.php?rest_route=\/wp\/v2\/posts\/75353\/revisions"}],"predecessor-version":[{"id":75355,"href":"https:\/\/2horizontes.com\/index.php?rest_route=\/wp\/v2\/posts\/75353\/revisions\/75355"}],"wp:featuredmedia":[{"embeddable":true,"href":"https:\/\/2horizontes.com\/index.php?rest_route=\/wp\/v2\/media\/75354"}],"wp:attachment":[{"href":"https:\/\/2horizontes.com\/index.php?rest_route=%2Fwp%2Fv2%2Fmedia&parent=75353"}],"wp:term":[{"taxonomy":"category","embeddable":true,"href":"https:\/\/2horizontes.com\/index.php?rest_route=%2Fwp%2Fv2%2Fcategories&post=75353"},{"taxonomy":"post_tag","embeddable":true,"href":"https:\/\/2horizontes.com\/index.php?rest_route=%2Fwp%2Fv2%2Ftags&post=75353"}],"curies":[{"name":"wp","href":"https:\/\/api.w.org\/{rel}","templated":true}]}}