{"id":75347,"date":"2024-01-08T22:20:59","date_gmt":"2024-01-08T21:20:59","guid":{"rendered":"https:\/\/2horizontes.com\/?p=75347"},"modified":"2024-01-08T22:21:00","modified_gmt":"2024-01-08T21:21:00","slug":"leonel-niega-oposicion-tenga-24-votantes-como-dijo-abinader","status":"publish","type":"post","link":"https:\/\/2horizontes.com\/?p=75347","title":{"rendered":"Leonel niega oposici\u00f3n tenga 24 % votantes, como dijo Abinader"},"content":{"rendered":"\n<p>.<\/p>\n\n\n\n<p>Santo Domingo, 8 ene.- El candidato presidencial por la Fuerza del Pueblo, Leonel Fern\u00e1ndez, rechaz\u00f3 este lunes las declaraciones del mandatario Luis Abinader sobre la preferencia electoral de la oposici\u00f3n que, afirma, no llega al 24 por ciento.<\/p>\n\n\n\n<p>Al dar inicio el domingo a la campa\u00f1a del Partido Revolucionario Moderno (PRM) para los comicios municipales de febrero, Abinader, quien tambi\u00e9n aspira a la Presidencia, afirm\u00f3 que la oposici\u00f3n \u00abno pasa de un 24 por ciento\u00bb y ser\u00e1 derrotada en los comicios.<\/p>\n\n\n\n<p>En declaraciones colgadas este lunes en la red X (antigua Twitter), Fern\u00e1ndez se\u00f1al\u00f3 que \u00ablos que no llegan ni al 24 ni a fin de mes son los millones de dominicanos que a diario deben hacer malabares para hacer frente al sustento b\u00e1sico de sus hijos\u00bb.<\/p>\n\n\n\n<p>\u00abD\u00edgale a esas cientos de miles de familias que est\u00e1n por debajo de la l\u00ednea de la pobreza que en este pa\u00eds los chelitos rinden\u00bb y \u00abd\u00edgale a los cientos de miles de ni\u00f1os que padecen hambre, que carecen de un buen sistema de salud y que ni siquiera tienen sus servicios esenciales garantizados, que en este pa\u00eds el cambio fue favorable para ellos\u00bb, recomend\u00f3 Fern\u00e1ndez a Abinader.<\/p>\n\n\n\n<p>El exjefe de Estado y presidente de la Fuerza del Pueblo dijo a Abinader que \u00absu entorno le miente o usted quiere creer sus propias falacias\u00bb.<\/p>\n\n\n\n<p>Por ello, le exhort\u00f3 \u00aba que visite los barrios del pa\u00eds o se detenga en cualquier esquina y converse con la gente del pueblo, y sean ellos quienes le expresen las necesidades que padecen en su diario vivir, agravadas por su gobierno improvisador\u00bb.<\/p>\n\n\n\n<p>Las encuestas independientes aseguran que Abinader ganar\u00eda en primera vuelta, y que detr\u00e1s se colocar\u00edan Fern\u00e1ndez y Abel Mart\u00ednez, el aspirante por el Partido de la Liberaci\u00f3n Dominicana (PLD).EFE<\/p>\n","protected":false},"excerpt":{"rendered":"<p>. Santo Domingo, 8 ene.- El candidato presidencial por la Fuerza del Pueblo, Leonel Fern\u00e1ndez, rechaz\u00f3 este lunes las declaraciones del mandatario Luis Abinader sobre la preferencia electoral de la oposici\u00f3n que, afirma, no llega al 24 por ciento. Al dar inicio el domingo a la campa\u00f1a del Partido Revolucionario Moderno (PRM) para los comicios [&hellip;]<\/p>\n","protected":false},"author":1,"featured_media":75348,"comment_status":"open","ping_status":"open","sticky":false,"template":"","format":"standard","meta":{"footnotes":""},"categories":[43,44],"tags":[],"class_list":["post-75347","post","type-post","status-publish","format-standard","has-post-thumbnail","hentry","category-politica","category-republica-dominicana"],"_links":{"self":[{"href":"https:\/\/2horizontes.com\/index.php?rest_route=\/wp\/v2\/posts\/75347","targetHints":{"allow":["GET"]}}],"collection":[{"href":"https:\/\/2horizontes.com\/index.php?rest_route=\/wp\/v2\/posts"}],"about":[{"href":"https:\/\/2horizontes.com\/index.php?rest_route=\/wp\/v2\/types\/post"}],"author":[{"embeddable":true,"href":"https:\/\/2horizontes.com\/index.php?rest_route=\/wp\/v2\/users\/1"}],"replies":[{"embeddable":true,"href":"https:\/\/2horizontes.com\/index.php?rest_route=%2Fwp%2Fv2%2Fcomments&post=75347"}],"version-history":[{"count":1,"href":"https:\/\/2horizontes.com\/index.php?rest_route=\/wp\/v2\/posts\/75347\/revisions"}],"predecessor-version":[{"id":75349,"href":"https:\/\/2horizontes.com\/index.php?rest_route=\/wp\/v2\/posts\/75347\/revisions\/75349"}],"wp:featuredmedia":[{"embeddable":true,"href":"https:\/\/2horizontes.com\/index.php?rest_route=\/wp\/v2\/media\/75348"}],"wp:attachment":[{"href":"https:\/\/2horizontes.com\/index.php?rest_route=%2Fwp%2Fv2%2Fmedia&parent=75347"}],"wp:term":[{"taxonomy":"category","embeddable":true,"href":"https:\/\/2horizontes.com\/index.php?rest_route=%2Fwp%2Fv2%2Fcategories&post=75347"},{"taxonomy":"post_tag","embeddable":true,"href":"https:\/\/2horizontes.com\/index.php?rest_route=%2Fwp%2Fv2%2Ftags&post=75347"}],"curies":[{"name":"wp","href":"https:\/\/api.w.org\/{rel}","templated":true}]}}