{"id":75344,"date":"2024-01-08T22:03:41","date_gmt":"2024-01-08T21:03:41","guid":{"rendered":"https:\/\/2horizontes.com\/?p=75344"},"modified":"2024-01-08T22:03:42","modified_gmt":"2024-01-08T21:03:42","slug":"sanidad-impondra-la-mascarilla-obligatoria-a-las-comunidades-en-hospitales-y-centros-de-salud","status":"publish","type":"post","link":"https:\/\/2horizontes.com\/?p=75344","title":{"rendered":"Sanidad impondr\u00e1 la mascarilla obligatoria a las comunidades en hospitales y centros de salud"},"content":{"rendered":"\n<p>El ministerio desoye a la mayor\u00eda de las autonom\u00edas, que han rechazado la medida. Solo seis la han aplicado en sus territorios<\/p>\n\n\n\n<p>.<\/p>\n\n\n\n<p>Pese a que la primera reuni\u00f3n de la Consejo&nbsp;Interterritorial del Sistema Nacional de Salud&nbsp;ha acabado esta ma\u00f1ana del lunes&nbsp;sin acuerdo entre el departamento liderado por M\u00f3nica Garc\u00eda y las comunidades aut\u00f3nomas, finalmente,&nbsp;<strong>Sanidad impondr\u00e1 a partir de este mi\u00e9rcoles la obligatoriedad de las mascarillas en hospitales y centros de salud<\/strong>&nbsp;debido al repunte de infecciones respiratorias entre la poblaci\u00f3n.&nbsp;<\/p>\n\n\n\n<p>Esta&nbsp;decisi\u00f3n se ha tomado<strong>&nbsp;en virtud del art\u00edculo 65 de la ley de cohesi\u00f3n y calidad del Sistema Nacional de Salud<\/strong>, sobre la cual se&nbsp;regula la declaraci\u00f3n de actuaciones coordinadas en salud p\u00fablica y que \u00abobliga a todas las partes\u00bb incluidas en ella.<\/p>\n\n\n\n<p>Este mi\u00e9rcoles finaliza el plazo para que las autonom\u00edas que no hayan determinado su postura analicen la propuesta de Sanidad de retomar el uso de la mascarilla con car\u00e1cter obligatorio en estos \u00e1mbitos sanitarios. Hasta la fecha, s\u00f3lo han aceptado<strong>&nbsp;seis: Catalu\u00f1a, Comunidad Valenciana, Arag\u00f3n, Murcia y, desde ma\u00f1ana mi\u00e9rcoles, Canarias y Asturias. La medida preventiva ya estaba en vigor en otras comunidades aut\u00f3nomas como la Comunidad Valenciana y ser\u00e1 pr\u00f3ximamente aprobada en Catalu\u00f1a, Murcia y Castilla &#8211; La Mancha.&nbsp;<\/strong>&nbsp;No obstante, al igual que las comunidades a favor, son varias las autonom\u00edas que se han posicionado en contra de este retroceso: desde Euskadi (PNV) hasta Navarra (PSOE) o Comunidad de&nbsp;Madrid (PP).<\/p>\n\n\n\n<p>Es precisamente esta \u00faltima la que m\u00e1s dura se ha mostrado con la nueva ministra, la dirigida por Isabel D\u00edaz Ayuso.La situaci\u00f3n, alertan los sindicatos, es insostenible. Muchos denuncian falta de previsi\u00f3n, de personal y de medidas que contengan la epidemia de nuevas afecciones respiratorias, con especial \u00e9nfasis en la incidencia de gripe y coronavirus.<\/p>\n\n\n\n<h3 class=\"wp-block-heading\">Baja autorregulada<\/h3>\n\n\n\n<p>S\u00ed que ha prosperado, no obstante, en esta reuni\u00f3n con las autonom\u00edas, una de las propuestas anunciadas por&nbsp;<strong>M\u00f3nica Garc\u00eda<\/strong>&nbsp;a primera hora de este lunes. Concretamente, la titular de la cartera de Sanidad ha anunciado que durante lo que dure esta escalada de infecciones respiratorias los trabajadores podr\u00e1n cogerse&nbsp;<a href=\"https:\/\/www.elplural.com\/economia\/sanidad-plantea-bajas-laborales-autojustificadas-hasta-tres-dias-combatir-gripe_322583102\">una baja de forma autoregulada y sin necesidad de acudir al m\u00e9dico<\/a>. Con esta decisi\u00f3n, Garc\u00eda busca atajar el tensionamiento de la Atenci\u00f3n Primaria, dando un respiro a sus profesionales descongestionando unos centros que se han visto totalmente desbordados durante las fechas navide\u00f1as.&nbsp;<\/p>\n\n\n\n<p>Son varias las comunidades aut\u00f3nomas que han condenado el procedimiento del Ministerio de Sanidad. Sin importar el signo pol\u00edtico, buena parte de los consejeros de Sanidad convocados al Consejo Interterritorial han indicado a la ministra que la pr\u00e1ctica habitual en este tipo de situaciones es alertar, previamente, a la ponencia de alertas o la comisi\u00f3n de salud p\u00fablica, que es donde habitualmente se trabajan los documentos que finalmente son entregados a los consejeros auton\u00f3micos del ramo.<\/p>\n\n\n\n<h3 class=\"wp-block-heading\">La Comunidad Valenciana, pionera<\/h3>\n\n\n\n<p>Era el pasado viernes, v\u00edspera de reyes, cuando la Comunidad Valenciana notificaba su decisi\u00f3n de imponer la mascarilla en hospitales y centros de salud ante el incremento de afecciones respiratorias que hab\u00edan notificado sus centros sanitarios. Esta decisi\u00f3n devolv\u00eda a la regi\u00f3n a una situaci\u00f3n no contemplada desde el pasado 5 de julio, cuando, tras la publicaci\u00f3n de la ley<strong>ND\/776\/2023 del Ministerio de Sanidad<\/strong>&nbsp;en&nbsp;el BOE, la mascarilla dejaba de formar parte de la normalidad de nuestro pa\u00eds.<\/p>\n\n\n\n<p>El operativo desplegado por la Conselleria de Sanidad de la Comunidad Valenciana no se quedaba ah\u00ed. Los propios servicios de comunicaci\u00f3n de la Generalitat informaban al mismo tiempo de que a partir de este lunes los valencianos podr\u00edan acudir a vacunarse tanto del covid como de la gripe sin necesidad de cita previa.,&nbsp;<\/p>\n\n\n\n<p>Ambas medidas fueron acordadas, seg\u00fan la propia Generalitat, en la reuni\u00f3n mantenida el pasado mi\u00e9rcoles entre el&nbsp;<strong>conseller de Sanidad, Marciano G\u00f3mez<\/strong>, el director de la Oficina de Coordinaci\u00f3n e Integraci\u00f3n Sociosanitaria de la Comunitat Valenciana, Manuel Escolano, y representantes de las direcciones generales de Atenci\u00f3n Hospitalaria y Gesti\u00f3n Econ\u00f3mica, Contrataci\u00f3n e Infraestructuras.<\/p>\n","protected":false},"excerpt":{"rendered":"<p>El ministerio desoye a la mayor\u00eda de las autonom\u00edas, que han rechazado la medida. Solo seis la han aplicado en sus territorios . Pese a que la primera reuni\u00f3n de la Consejo&nbsp;Interterritorial del Sistema Nacional de Salud&nbsp;ha acabado esta ma\u00f1ana del lunes&nbsp;sin acuerdo entre el departamento liderado por M\u00f3nica Garc\u00eda y las comunidades aut\u00f3nomas, finalmente,&nbsp;Sanidad [&hellip;]<\/p>\n","protected":false},"author":1,"featured_media":75345,"comment_status":"open","ping_status":"open","sticky":false,"template":"","format":"standard","meta":{"footnotes":""},"categories":[85,45],"tags":[],"class_list":["post-75344","post","type-post","status-publish","format-standard","has-post-thumbnail","hentry","category-espana","category-salud"],"_links":{"self":[{"href":"https:\/\/2horizontes.com\/index.php?rest_route=\/wp\/v2\/posts\/75344","targetHints":{"allow":["GET"]}}],"collection":[{"href":"https:\/\/2horizontes.com\/index.php?rest_route=\/wp\/v2\/posts"}],"about":[{"href":"https:\/\/2horizontes.com\/index.php?rest_route=\/wp\/v2\/types\/post"}],"author":[{"embeddable":true,"href":"https:\/\/2horizontes.com\/index.php?rest_route=\/wp\/v2\/users\/1"}],"replies":[{"embeddable":true,"href":"https:\/\/2horizontes.com\/index.php?rest_route=%2Fwp%2Fv2%2Fcomments&post=75344"}],"version-history":[{"count":1,"href":"https:\/\/2horizontes.com\/index.php?rest_route=\/wp\/v2\/posts\/75344\/revisions"}],"predecessor-version":[{"id":75346,"href":"https:\/\/2horizontes.com\/index.php?rest_route=\/wp\/v2\/posts\/75344\/revisions\/75346"}],"wp:featuredmedia":[{"embeddable":true,"href":"https:\/\/2horizontes.com\/index.php?rest_route=\/wp\/v2\/media\/75345"}],"wp:attachment":[{"href":"https:\/\/2horizontes.com\/index.php?rest_route=%2Fwp%2Fv2%2Fmedia&parent=75344"}],"wp:term":[{"taxonomy":"category","embeddable":true,"href":"https:\/\/2horizontes.com\/index.php?rest_route=%2Fwp%2Fv2%2Fcategories&post=75344"},{"taxonomy":"post_tag","embeddable":true,"href":"https:\/\/2horizontes.com\/index.php?rest_route=%2Fwp%2Fv2%2Ftags&post=75344"}],"curies":[{"name":"wp","href":"https:\/\/api.w.org\/{rel}","templated":true}]}}