{"id":75338,"date":"2023-12-26T13:54:41","date_gmt":"2023-12-26T12:54:41","guid":{"rendered":"https:\/\/2horizontes.com\/?p=75338"},"modified":"2023-12-26T13:54:42","modified_gmt":"2023-12-26T12:54:42","slug":"acusado-de-matar-a-venezolana-no-es-tan-culpable-dice-abogado","status":"publish","type":"post","link":"https:\/\/2horizontes.com\/?p=75338","title":{"rendered":"Acusado de matar a venezolana no es tan culpable, dice abogado"},"content":{"rendered":"\n<p>,<\/p>\n\n\n\n<p>SANTO DOMINGO. \u2013 Carlos Novas, abogado defensor de Michael Saba, el italiano-colombiano acusado de quitarle la vida a la venezolana Yenny Carolina P\u00e9rez Canel\u00f3n la madrugada del jueves, afirm\u00f3 que su cliente no es tan responsable como indica la fiscal\u00eda.<\/p>\n\n\n\n<p>El reporte preliminar de la polic\u00eda indic\u00f3 que Saba&nbsp;le caus\u00f3 la&nbsp;muerte por disparos a Canel\u00f3n al calor de una discusi\u00f3n, y asegur\u00f3 que el arma le fue incautada.<\/p>\n\n\n\n<p>Novas, aunque no defendi\u00f3 la inocencia de su cliente, dijo que su implicaci\u00f3n&nbsp;en el caso no es como lo plantean las&nbsp;autoridades.<\/p>\n\n\n\n<p><strong>ASEGURA CONFES\u00d3 LA VERDAD<\/strong><\/p>\n\n\n\n<figure class=\"wp-block-image\" id=\"attachment_924654\"><img decoding=\"async\" src=\"https:\/\/almomento.net\/wp-content\/uploads\/2023\/12\/abogado-habla-sobre-implicacion-del-acusado-en-muerte-de-venezolana-focus-min0.05-0.25-608-342_wam-300x178.jpg\" alt=\"\" class=\"wp-image-924654\"\/><figcaption>Carlos Novas<\/figcaption><\/figure>\n\n\n\n<p>El&nbsp;abogado&nbsp;indic\u00f3 que Saba confes\u00f3 toda \u00abla&nbsp;verdad\u00bb sobre el hecho, y mencion\u00f3 \u00abpersonas\u00bb que tambi\u00e9n participaron.<\/p>\n\n\n\n<p>Manifest\u00f3 que los fiscales tienen todo para demostrar lo que el implicado dijo, aunque no ofreci\u00f3 detalles sobre su declaraci\u00f3n.<\/p>\n\n\n\n<p>Las&nbsp;autoridades&nbsp;tambi\u00e9n hab\u00edan indicado que se investiga el paradero de otras tres personas identificadas como \u00abLa Rubia\u00bb, \u00abLalo\u00bb y \u00abBisair\u00bb por su&nbsp;vinculaci\u00f3n&nbsp;en el hecho.<\/p>\n\n\n\n<p><strong>MALTRATO AL ACUSADO<\/strong><\/p>\n\n\n\n<p>De acuerdo con Novas, el inculpado fue v\u00edctima de&nbsp;maltrato&nbsp;durante el&nbsp;proceso&nbsp;de detenci\u00f3n, raz\u00f3n por la cual solicit\u00f3 que sea evaluado nuevamente por un m\u00e9dico legista.<\/p>\n\n\n\n<p>Tras su pedido, &nbsp;fue aplazada la audiencia de solicitud de medida de coerci\u00f3n contra Saba, la cual estaba pautada para hoy, pero se realizar\u00e1 el pr\u00f3ximo mi\u00e9rcoles 27 de diciembre a las 9 de la ma\u00f1ana.<\/p>\n\n\n\n<p>mpv<\/p>\n","protected":false},"excerpt":{"rendered":"<p>, SANTO DOMINGO. \u2013 Carlos Novas, abogado defensor de Michael Saba, el italiano-colombiano acusado de quitarle la vida a la venezolana Yenny Carolina P\u00e9rez Canel\u00f3n la madrugada del jueves, afirm\u00f3 que su cliente no es tan responsable como indica la fiscal\u00eda. El reporte preliminar de la polic\u00eda indic\u00f3 que Saba&nbsp;le caus\u00f3 la&nbsp;muerte por disparos a [&hellip;]<\/p>\n","protected":false},"author":1,"featured_media":75339,"comment_status":"open","ping_status":"open","sticky":false,"template":"","format":"standard","meta":{"footnotes":""},"categories":[44,48],"tags":[],"class_list":["post-75338","post","type-post","status-publish","format-standard","has-post-thumbnail","hentry","category-republica-dominicana","category-venezuela"],"_links":{"self":[{"href":"https:\/\/2horizontes.com\/index.php?rest_route=\/wp\/v2\/posts\/75338","targetHints":{"allow":["GET"]}}],"collection":[{"href":"https:\/\/2horizontes.com\/index.php?rest_route=\/wp\/v2\/posts"}],"about":[{"href":"https:\/\/2horizontes.com\/index.php?rest_route=\/wp\/v2\/types\/post"}],"author":[{"embeddable":true,"href":"https:\/\/2horizontes.com\/index.php?rest_route=\/wp\/v2\/users\/1"}],"replies":[{"embeddable":true,"href":"https:\/\/2horizontes.com\/index.php?rest_route=%2Fwp%2Fv2%2Fcomments&post=75338"}],"version-history":[{"count":1,"href":"https:\/\/2horizontes.com\/index.php?rest_route=\/wp\/v2\/posts\/75338\/revisions"}],"predecessor-version":[{"id":75340,"href":"https:\/\/2horizontes.com\/index.php?rest_route=\/wp\/v2\/posts\/75338\/revisions\/75340"}],"wp:featuredmedia":[{"embeddable":true,"href":"https:\/\/2horizontes.com\/index.php?rest_route=\/wp\/v2\/media\/75339"}],"wp:attachment":[{"href":"https:\/\/2horizontes.com\/index.php?rest_route=%2Fwp%2Fv2%2Fmedia&parent=75338"}],"wp:term":[{"taxonomy":"category","embeddable":true,"href":"https:\/\/2horizontes.com\/index.php?rest_route=%2Fwp%2Fv2%2Fcategories&post=75338"},{"taxonomy":"post_tag","embeddable":true,"href":"https:\/\/2horizontes.com\/index.php?rest_route=%2Fwp%2Fv2%2Ftags&post=75338"}],"curies":[{"name":"wp","href":"https:\/\/api.w.org\/{rel}","templated":true}]}}