{"id":75335,"date":"2023-12-20T13:00:16","date_gmt":"2023-12-20T12:00:16","guid":{"rendered":"https:\/\/2horizontes.com\/?p=75335"},"modified":"2023-12-20T13:00:17","modified_gmt":"2023-12-20T12:00:17","slug":"detenidos-tres-adolescentes-yihadistas-con-manuales-para-fabricar-el-explosivo-madre-de-satan","status":"publish","type":"post","link":"https:\/\/2horizontes.com\/?p=75335","title":{"rendered":"Detenidos tres adolescentes \u201cyihadistas\u201d con manuales para fabricar el explosivo \u2018madre de Sat\u00e1n"},"content":{"rendered":"\n<p>Los arrestados, en Madrid y Barcelona, hab\u00edan mostrado su intenci\u00f3n de cometer un atentado, seg\u00fan la Polic\u00eda. Han ingresado en un centro de menores de r\u00e9gimen cerrado<\/p>\n\n\n\n<p>Agentes de la Polic\u00eda Nacional han detenido a tres menores de edad en las provincias de Madrid (2) y Barcelona (1) como presuntos autores de los delitos de adoctrinamiento, auto capacitaci\u00f3n terrorista y conspiraci\u00f3n\/proposici\u00f3n de homicidio. La operaci\u00f3n, desarrollada por la Comisar\u00eda General de Informaci\u00f3n, ha contado con la colaboraci\u00f3n de las Brigadas Provinciales de Informaci\u00f3n de Valencia, Madrid y Barcelona, estando bajo la direcci\u00f3n de la Secci\u00f3n de Menores de la Fiscal\u00eda de la Audiencia Nacional.&nbsp; &nbsp; &nbsp; &nbsp; &nbsp; &nbsp;<\/p>\n\n\n\n<p>A trav\u00e9s del ciberpatrullaje en redes sociales, los investigadores detectaron la&nbsp; existencia de diferentes perfiles que profesaban una ideolog\u00eda de car\u00e1cter yihadista. Desde ellos se abogaba y justificaba el uso de la violencia en defensa de la religi\u00f3n isl\u00e1mica. Se enaltec\u00eda a los integrantes de grupos terroristas, aprobando y justificando sus acciones armadas, y se se\u00f1alaban posibles objetivos, llegando incluso a mostrar su intenci\u00f3n de cometer una acci\u00f3n contra aquellos que no estuvieran de acuerdo con ellos, considerados por ellos ap\u00f3statas.<\/p>\n\n\n\n<p><strong><u>Organizaci\u00f3n y reparto de tareas<\/u><\/strong><\/p>\n\n\n\n<p>Una vez identificados los titulares de los perfiles, resultaron ser&nbsp; j\u00f3venes estudiantes, menores de edad, altamente radicalizados y con una ideolog\u00eda enteramente compatible con los postulados yihadistas defendidos por la organizaci\u00f3n terrorista DAESH. Ante su deseo de cometer una acci\u00f3n y el reparto de tareas que hab\u00edan iniciado, entre ellas la fabricaci\u00f3n de los explosivos, los agentes encargados de la investigaci\u00f3n proceder a su detenci\u00f3n.<\/p>\n\n\n\n<p>En la madrugada del pasado lunes se realizaron, adem\u00e1s de las detenciones, tres entradas y registros, intervini\u00e9ndose gran cantidad de elementos electr\u00f3nicos y diferente documentaci\u00f3n que est\u00e1 siendo analizada.<\/p>\n\n\n\n<p>En el d\u00eda de hoy los detenidos han sido puestos a disposici\u00f3n de la Secci\u00f3n de Menores de la Fiscal\u00eda de la Audiencia Nacional, decretando el titular del Juzgado Central de Menores el ingreso de los tres en un centro de internamiento de r\u00e9gimen cerrado.<\/p>\n","protected":false},"excerpt":{"rendered":"<p>Los arrestados, en Madrid y Barcelona, hab\u00edan mostrado su intenci\u00f3n de cometer un atentado, seg\u00fan la Polic\u00eda. Han ingresado en un centro de menores de r\u00e9gimen cerrado Agentes de la Polic\u00eda Nacional han detenido a tres menores de edad en las provincias de Madrid (2) y Barcelona (1) como presuntos autores de los delitos de [&hellip;]<\/p>\n","protected":false},"author":1,"featured_media":75336,"comment_status":"open","ping_status":"open","sticky":false,"template":"","format":"standard","meta":{"footnotes":""},"categories":[85],"tags":[],"class_list":["post-75335","post","type-post","status-publish","format-standard","has-post-thumbnail","hentry","category-espana"],"_links":{"self":[{"href":"https:\/\/2horizontes.com\/index.php?rest_route=\/wp\/v2\/posts\/75335","targetHints":{"allow":["GET"]}}],"collection":[{"href":"https:\/\/2horizontes.com\/index.php?rest_route=\/wp\/v2\/posts"}],"about":[{"href":"https:\/\/2horizontes.com\/index.php?rest_route=\/wp\/v2\/types\/post"}],"author":[{"embeddable":true,"href":"https:\/\/2horizontes.com\/index.php?rest_route=\/wp\/v2\/users\/1"}],"replies":[{"embeddable":true,"href":"https:\/\/2horizontes.com\/index.php?rest_route=%2Fwp%2Fv2%2Fcomments&post=75335"}],"version-history":[{"count":1,"href":"https:\/\/2horizontes.com\/index.php?rest_route=\/wp\/v2\/posts\/75335\/revisions"}],"predecessor-version":[{"id":75337,"href":"https:\/\/2horizontes.com\/index.php?rest_route=\/wp\/v2\/posts\/75335\/revisions\/75337"}],"wp:featuredmedia":[{"embeddable":true,"href":"https:\/\/2horizontes.com\/index.php?rest_route=\/wp\/v2\/media\/75336"}],"wp:attachment":[{"href":"https:\/\/2horizontes.com\/index.php?rest_route=%2Fwp%2Fv2%2Fmedia&parent=75335"}],"wp:term":[{"taxonomy":"category","embeddable":true,"href":"https:\/\/2horizontes.com\/index.php?rest_route=%2Fwp%2Fv2%2Fcategories&post=75335"},{"taxonomy":"post_tag","embeddable":true,"href":"https:\/\/2horizontes.com\/index.php?rest_route=%2Fwp%2Fv2%2Ftags&post=75335"}],"curies":[{"name":"wp","href":"https:\/\/api.w.org\/{rel}","templated":true}]}}