{"id":75332,"date":"2023-12-20T12:51:25","date_gmt":"2023-12-20T11:51:25","guid":{"rendered":"https:\/\/2horizontes.com\/?p=75332"},"modified":"2023-12-20T12:51:26","modified_gmt":"2023-12-20T11:51:26","slug":"jimenez-califica-como-exitoso-cierre-politico-del-ano-de-la-fp","status":"publish","type":"post","link":"https:\/\/2horizontes.com\/?p=75332","title":{"rendered":"Jim\u00e9nez califica como \u201cexitoso\u201d cierre pol\u00edtico del a\u00f1o de la FP"},"content":{"rendered":"\n<p><\/p>\n\n\n\n<p>SANTIAGO DE LOS CABALLEROS.-&nbsp;El vicepresidente y coordinador pol\u00edtico de la Fuerza del Pueblo,&nbsp;Radham\u00e9s Jim\u00e9nez, calific\u00f3 como exitoso el cierre pol\u00edtico del 2023, desarrollado de manera simult\u00e1nea en las 32 provincias del pa\u00eds y los 158 municipios.<\/p>\n\n\n\n<p>Explic\u00f3 que se trat\u00f3 del cierre de este a\u00f1o de las actividades pol\u00edticas de masa en las que se congregaron miles de dirigentes y simpatizantes del partido que lidera Leonel Fern\u00e1ndez.<\/p>\n\n\n\n<p>\u201cLo acontecido fue algo in\u00e9dito, el cierre verde de la Fuerza del Pueblo fue exitoso, sobrepas\u00f3 las expectativas que nos hab\u00edamos propuesto; de verdad que fue gratificante ver c\u00f3mo el pa\u00eds se moviliz\u00f3 a favor de una causa\u00bb, manifest\u00f3.<\/p>\n\n\n\n<p>Jim\u00e9nez dijo que pocas veces se hab\u00eda visto tanto entusiasmo y motivaci\u00f3n, \u00abla gente sal\u00eda de sus casas de forma natural y lanzaba consignas a favor de la FP y de Leonel Fern\u00e1ndez.<\/p>\n\n\n\n<p><strong>LLAMA A TRABAJAR PARA CAMBIAR EL RUMBO DEL PAIS EN 2024<\/strong><\/p>\n\n\n\n<p>Exhort\u00f3 a seguir trabajando tenazmente para que en el 2024 la Rep\u00fablica Dominicana cambie el rumbo y retorne la estabilidad y el desarrollo, \u00abun desarrollo que solo lo puede garantizar Leonel Fern\u00e1ndez y la Fuerza del Pueblo\u00bb.<\/p>\n\n\n\n<p>\u00abEl pueblo le est\u00e1 enviando un mensaje al desgobierno del PRM y fueron los resultados de las elecciones del Colegio de Abogados, donde gastaron millones de pesos, como si se tratase de unas elecciones presidenciales y pese a todo eso fueron derrotados\u00bb,&nbsp; dijo.<\/p>\n\n\n\n<p>Jim\u00e9nez estuvo acompa\u00f1ado por el candidato a senador por Santiago, Dem\u00f3stenes Mart\u00ednez, los dirigentes Jos\u00e9 izquierdo, Ra\u00fal Mart\u00ednez, Conrado Abud, F\u00e9lix Michel, Jos\u00e9 David, Narciso El\u00edas, Juan Hern\u00e1ndez y Hip\u00f3lito Mart\u00ednez, candidato alcalde de Santiago Oeste, entre otros.<\/p>\n\n\n\n<p>an\/am<\/p>\n","protected":false},"excerpt":{"rendered":"<p>SANTIAGO DE LOS CABALLEROS.-&nbsp;El vicepresidente y coordinador pol\u00edtico de la Fuerza del Pueblo,&nbsp;Radham\u00e9s Jim\u00e9nez, calific\u00f3 como exitoso el cierre pol\u00edtico del 2023, desarrollado de manera simult\u00e1nea en las 32 provincias del pa\u00eds y los 158 municipios. Explic\u00f3 que se trat\u00f3 del cierre de este a\u00f1o de las actividades pol\u00edticas de masa en las que se [&hellip;]<\/p>\n","protected":false},"author":1,"featured_media":75333,"comment_status":"open","ping_status":"open","sticky":false,"template":"","format":"standard","meta":{"footnotes":""},"categories":[43,44],"tags":[],"class_list":["post-75332","post","type-post","status-publish","format-standard","has-post-thumbnail","hentry","category-politica","category-republica-dominicana"],"_links":{"self":[{"href":"https:\/\/2horizontes.com\/index.php?rest_route=\/wp\/v2\/posts\/75332","targetHints":{"allow":["GET"]}}],"collection":[{"href":"https:\/\/2horizontes.com\/index.php?rest_route=\/wp\/v2\/posts"}],"about":[{"href":"https:\/\/2horizontes.com\/index.php?rest_route=\/wp\/v2\/types\/post"}],"author":[{"embeddable":true,"href":"https:\/\/2horizontes.com\/index.php?rest_route=\/wp\/v2\/users\/1"}],"replies":[{"embeddable":true,"href":"https:\/\/2horizontes.com\/index.php?rest_route=%2Fwp%2Fv2%2Fcomments&post=75332"}],"version-history":[{"count":1,"href":"https:\/\/2horizontes.com\/index.php?rest_route=\/wp\/v2\/posts\/75332\/revisions"}],"predecessor-version":[{"id":75334,"href":"https:\/\/2horizontes.com\/index.php?rest_route=\/wp\/v2\/posts\/75332\/revisions\/75334"}],"wp:featuredmedia":[{"embeddable":true,"href":"https:\/\/2horizontes.com\/index.php?rest_route=\/wp\/v2\/media\/75333"}],"wp:attachment":[{"href":"https:\/\/2horizontes.com\/index.php?rest_route=%2Fwp%2Fv2%2Fmedia&parent=75332"}],"wp:term":[{"taxonomy":"category","embeddable":true,"href":"https:\/\/2horizontes.com\/index.php?rest_route=%2Fwp%2Fv2%2Fcategories&post=75332"},{"taxonomy":"post_tag","embeddable":true,"href":"https:\/\/2horizontes.com\/index.php?rest_route=%2Fwp%2Fv2%2Ftags&post=75332"}],"curies":[{"name":"wp","href":"https:\/\/api.w.org\/{rel}","templated":true}]}}