{"id":75326,"date":"2023-12-06T19:18:05","date_gmt":"2023-12-06T18:18:05","guid":{"rendered":"https:\/\/2horizontes.com\/?p=75326"},"modified":"2023-12-06T19:18:06","modified_gmt":"2023-12-06T18:18:06","slug":"sanchez-afirma-que-la-constitucion-es-el-marco-fundacional-de-la-convivencia-y-feijoo-pide-respetarla-y-defenderla","status":"publish","type":"post","link":"https:\/\/2horizontes.com\/?p=75326","title":{"rendered":"S\u00e1nchez afirma que la Constituci\u00f3n \u00abes el marco fundacional de la convivencia\u00bb y Feij\u00f3o pide \u00abrespetarla y defenderla\u00bb"},"content":{"rendered":"\n<p>El presidente del Gobierno,&nbsp;<strong>Pedro S\u00e1nchez<\/strong>, ha celebrado este mi\u00e9rcoles 6 de diciembre el D\u00eda de la Constituci\u00f3n Espa\u00f1ola y ha se\u00f1alado que es el marco \u00abfundamental\u00bb de la convivencia.<\/p>\n\n\n\n<p>\u00abHace 45 a\u00f1os, la Constituci\u00f3n espa\u00f1ola naci\u00f3 como un s\u00edmbolo de igualdad y libertad y coloc\u00f3 los cimientos para construir la Espa\u00f1a que somos hoy: un pa\u00eds moderno, diverso y plural. La Constituci\u00f3n&nbsp;<strong>es el marco fundacional de nuestra convivencia<\/strong>. Refleja lo que somos y lo que queremos ser. `Feliz #D\u00edaDeLaConstituci\u00f3n!\u00bb, ha asegurado en un mensaje en la red social X.<\/p>\n\n\n\n<p>Hace 45 a\u00f1os, la Constituci\u00f3n espa\u00f1ola naci\u00f3 como un s\u00edmbolo de igualdad y libertad y coloc\u00f3 los cimientos para construir la Espa\u00f1a que somos hoy: un pa\u00eds moderno, diverso y plural. La Constituci\u00f3n es el marco fundacional de nuestra convivencia. Refleja lo que somos y lo que queremos ser.<\/p>\n","protected":false},"excerpt":{"rendered":"<p>El presidente del Gobierno,&nbsp;Pedro S\u00e1nchez, ha celebrado este mi\u00e9rcoles 6 de diciembre el D\u00eda de la Constituci\u00f3n Espa\u00f1ola y ha se\u00f1alado que es el marco \u00abfundamental\u00bb de la convivencia. \u00abHace 45 a\u00f1os, la Constituci\u00f3n espa\u00f1ola naci\u00f3 como un s\u00edmbolo de igualdad y libertad y coloc\u00f3 los cimientos para construir la Espa\u00f1a que somos hoy: un [&hellip;]<\/p>\n","protected":false},"author":1,"featured_media":75327,"comment_status":"open","ping_status":"open","sticky":false,"template":"","format":"standard","meta":{"footnotes":""},"categories":[62,85,43],"tags":[],"class_list":["post-75326","post","type-post","status-publish","format-standard","has-post-thumbnail","hentry","category-cultura","category-espana","category-politica"],"_links":{"self":[{"href":"https:\/\/2horizontes.com\/index.php?rest_route=\/wp\/v2\/posts\/75326","targetHints":{"allow":["GET"]}}],"collection":[{"href":"https:\/\/2horizontes.com\/index.php?rest_route=\/wp\/v2\/posts"}],"about":[{"href":"https:\/\/2horizontes.com\/index.php?rest_route=\/wp\/v2\/types\/post"}],"author":[{"embeddable":true,"href":"https:\/\/2horizontes.com\/index.php?rest_route=\/wp\/v2\/users\/1"}],"replies":[{"embeddable":true,"href":"https:\/\/2horizontes.com\/index.php?rest_route=%2Fwp%2Fv2%2Fcomments&post=75326"}],"version-history":[{"count":1,"href":"https:\/\/2horizontes.com\/index.php?rest_route=\/wp\/v2\/posts\/75326\/revisions"}],"predecessor-version":[{"id":75328,"href":"https:\/\/2horizontes.com\/index.php?rest_route=\/wp\/v2\/posts\/75326\/revisions\/75328"}],"wp:featuredmedia":[{"embeddable":true,"href":"https:\/\/2horizontes.com\/index.php?rest_route=\/wp\/v2\/media\/75327"}],"wp:attachment":[{"href":"https:\/\/2horizontes.com\/index.php?rest_route=%2Fwp%2Fv2%2Fmedia&parent=75326"}],"wp:term":[{"taxonomy":"category","embeddable":true,"href":"https:\/\/2horizontes.com\/index.php?rest_route=%2Fwp%2Fv2%2Fcategories&post=75326"},{"taxonomy":"post_tag","embeddable":true,"href":"https:\/\/2horizontes.com\/index.php?rest_route=%2Fwp%2Fv2%2Ftags&post=75326"}],"curies":[{"name":"wp","href":"https:\/\/api.w.org\/{rel}","templated":true}]}}