{"id":75307,"date":"2023-11-03T18:48:08","date_gmt":"2023-11-03T17:48:08","guid":{"rendered":"https:\/\/2horizontes.com\/?p=75307"},"modified":"2023-11-03T18:48:09","modified_gmt":"2023-11-03T17:48:09","slug":"lider-de-hezbola-responsabiliza-a-eu-de-la-guerra-en-franja-de-gaza","status":"publish","type":"post","link":"https:\/\/2horizontes.com\/?p=75307","title":{"rendered":"L\u00edder de Hezbol\u00e1 responsabiliza a EU de la guerra en Franja de Gaza"},"content":{"rendered":"\n<p><\/p>\n\n\n\n<p>BEIRUT.- En sus primeras declaraciones desde el estallido del conflicto en curso, el l\u00edder del grupo liban\u00e9s Hezbol\u00e1, Hassan Nasrallah, defendi\u00f3 el ataque del grupo Ham\u00e1s en Israel, que dej\u00f3 alrededor de 1.400 personas muertas.<\/p>\n\n\n\n<p>Asimismo, asegur\u00f3 que el Gobierno de Benjamin Netanyahu debe impulsar negociaciones para lograr la liberaci\u00f3n de los m\u00e1s de 200 secuestrados en manos del movimiento islamista.<\/p>\n\n\n\n<p>\u00abSi Estados Unidos quiere evitar una guerra regional, la agresi\u00f3n a Gaza debe cesar\u00bb, asegur\u00f3, advirtiendo que una mayor escalada en el frente liban\u00e9s es \u00abuna posibilidad real\u00bb.<\/p>\n\n\n\n<p>Agreg\u00f3 que \u00abla guerra total es posible\u00bb.<\/p>\n\n\n\n<p>Nasrallah, adem\u00e1s, defendi\u00f3 las acciones de Ham\u00e1s como \u00abcorrectas, sabias y justas\u00bb y describi\u00f3 el ataque a Israel como \u00ab100% palestino\u00bb.<\/p>\n\n\n\n<p>Tambi\u00e9n agradeci\u00f3 a las \u00abfuertes y valientes\u00bb fuerzas respaldadas por Ir\u00e1n en Yemen e Irak por haberse involucrado en la guerra.<\/p>\n\n\n\n<p>Los rebeldes hut\u00edes en Yemen han estado disparando drones y misiles contra Israel, mientras que las milicias chiitas iraqu\u00edes han atacado a las fuerzas estadounidenses en Irak y Siria.<\/p>\n\n\n\n<p>Hezbol\u00e1 es una organizaci\u00f3n musulmana chiita con una gran influencia pol\u00edtica en L\u00edbano y controla la fuerza armada m\u00e1s poderosa de ese pa\u00eds.<\/p>\n\n\n\n<p>Es considerado como un grupo terrorista por Estados Unidos y otros pa\u00edses occidentales.<\/p>\n\n\n\n<p>Fue creada en la d\u00e9cada de 1980 por la potencia chiita m\u00e1s dominante de la regi\u00f3n, Ir\u00e1n, para oponerse a Israel. En ese momento, las fuerzas israel\u00edes hab\u00edan ocupado el sur de L\u00edbano, durante la guerra civil del pa\u00eds.<\/p>\n\n\n\n<p>Hezbol\u00e1 ha participado en elecciones nacionales desde 1992 y se ha convertido en una importante fuerza pol\u00edtica.<\/p>\n\n\n\n<p>Su brazo armado ha llevado a cabo ataques mortales contra fuerzas israel\u00edes y estadounidenses en el L\u00edbano. Cuando Israel se retir\u00f3 de L\u00edbano en 2000, Hezbol\u00e1 se atribuy\u00f3 el m\u00e9rito de haberlos expulsado.<\/p>\n\n\n\n<p>\u00abNinguna declaraci\u00f3n de guerra total\u00bb<\/p>\n\n\n\n<p>No hubo ninguna declaraci\u00f3n de guerra total contra Israel. Pocos aqu\u00ed esperaban algo as\u00ed.<\/p>\n\n\n\n<p>Nasrallah sabe que en L\u00edbano hay poco apetito por otra guerra con Israel. Este pa\u00eds tiene muchos problemas. La econom\u00eda est\u00e1 en ruinas y el sistema pol\u00edtico, tal como est\u00e1, est\u00e1 en estado de colapso.<\/p>\n\n\n\n<p>Y los dos portaaviones estadounidenses recientemente desplegados en el mar Mediterr\u00e1neo tambi\u00e9n pueden ser un poderoso elemento disuasorio.<\/p>\n\n\n\n<p>jt\/am<\/p>\n","protected":false},"excerpt":{"rendered":"<p>BEIRUT.- En sus primeras declaraciones desde el estallido del conflicto en curso, el l\u00edder del grupo liban\u00e9s Hezbol\u00e1, Hassan Nasrallah, defendi\u00f3 el ataque del grupo Ham\u00e1s en Israel, que dej\u00f3 alrededor de 1.400 personas muertas. Asimismo, asegur\u00f3 que el Gobierno de Benjamin Netanyahu debe impulsar negociaciones para lograr la liberaci\u00f3n de los m\u00e1s de 200 [&hellip;]<\/p>\n","protected":false},"author":1,"featured_media":75308,"comment_status":"open","ping_status":"open","sticky":false,"template":"","format":"standard","meta":{"footnotes":""},"categories":[40],"tags":[],"class_list":["post-75307","post","type-post","status-publish","format-standard","has-post-thumbnail","hentry","category-internacionales"],"_links":{"self":[{"href":"https:\/\/2horizontes.com\/index.php?rest_route=\/wp\/v2\/posts\/75307","targetHints":{"allow":["GET"]}}],"collection":[{"href":"https:\/\/2horizontes.com\/index.php?rest_route=\/wp\/v2\/posts"}],"about":[{"href":"https:\/\/2horizontes.com\/index.php?rest_route=\/wp\/v2\/types\/post"}],"author":[{"embeddable":true,"href":"https:\/\/2horizontes.com\/index.php?rest_route=\/wp\/v2\/users\/1"}],"replies":[{"embeddable":true,"href":"https:\/\/2horizontes.com\/index.php?rest_route=%2Fwp%2Fv2%2Fcomments&post=75307"}],"version-history":[{"count":1,"href":"https:\/\/2horizontes.com\/index.php?rest_route=\/wp\/v2\/posts\/75307\/revisions"}],"predecessor-version":[{"id":75309,"href":"https:\/\/2horizontes.com\/index.php?rest_route=\/wp\/v2\/posts\/75307\/revisions\/75309"}],"wp:featuredmedia":[{"embeddable":true,"href":"https:\/\/2horizontes.com\/index.php?rest_route=\/wp\/v2\/media\/75308"}],"wp:attachment":[{"href":"https:\/\/2horizontes.com\/index.php?rest_route=%2Fwp%2Fv2%2Fmedia&parent=75307"}],"wp:term":[{"taxonomy":"category","embeddable":true,"href":"https:\/\/2horizontes.com\/index.php?rest_route=%2Fwp%2Fv2%2Fcategories&post=75307"},{"taxonomy":"post_tag","embeddable":true,"href":"https:\/\/2horizontes.com\/index.php?rest_route=%2Fwp%2Fv2%2Ftags&post=75307"}],"curies":[{"name":"wp","href":"https:\/\/api.w.org\/{rel}","templated":true}]}}