{"id":75294,"date":"2023-08-08T00:16:12","date_gmt":"2023-08-07T23:16:12","guid":{"rendered":"https:\/\/2horizontes.com\/?p=75294"},"modified":"2023-08-08T00:16:13","modified_gmt":"2023-08-07T23:16:13","slug":"aumentan-a-nueve-provincias-en-alerta-verde-por-vaguada-y-onda-tropical","status":"publish","type":"post","link":"https:\/\/2horizontes.com\/?p=75294","title":{"rendered":"Aumentan a nueve provincias en alerta verde por vaguada y onda tropical"},"content":{"rendered":"\n<p>Las autoridades agregaron a Santiago, La Vega y Monse\u00f1or Nouel<\/p>\n\n\n\n<p><\/p>\n\n\n\n<p>El Centro de Operaciones de Emergencia (COE) aument\u00f3 a nueve la cantidad de provincias en alerta verde por posibles crecidas de r\u00edos, arroyos y ca\u00f1adas, as\u00ed como inundaciones, debido a la incidencia de una vaguada y una onda tropical.<\/p>\n\n\n\n<p>Las autoridades agregaron a Santiago, La Vega y Monse\u00f1or Nouel al listado que ya inclu\u00eda a Santo Domingo, San Crist\u00f3bal, Distrito Nacional, San Jos\u00e9 de Ocoa, Hato Mayor y Monte Plata.<\/p>\n\n\n\n<p>El COE recomienda a las personas abstenerse de cruzar r\u00edos, arroyos y ca\u00f1adas que presenten alto vol\u00famenes de agua y no hacer uso de balnearios (r\u00edos), en las provincias bajo alerta.<\/p>\n","protected":false},"excerpt":{"rendered":"<p>Las autoridades agregaron a Santiago, La Vega y Monse\u00f1or Nouel El Centro de Operaciones de Emergencia (COE) aument\u00f3 a nueve la cantidad de provincias en alerta verde por posibles crecidas de r\u00edos, arroyos y ca\u00f1adas, as\u00ed como inundaciones, debido a la incidencia de una vaguada y una onda tropical. Las autoridades agregaron a Santiago, La [&hellip;]<\/p>\n","protected":false},"author":1,"featured_media":35870,"comment_status":"open","ping_status":"open","sticky":false,"template":"","format":"standard","meta":{"footnotes":""},"categories":[53,44],"tags":[],"class_list":["post-75294","post","type-post","status-publish","format-standard","has-post-thumbnail","hentry","category-provincias","category-republica-dominicana"],"_links":{"self":[{"href":"https:\/\/2horizontes.com\/index.php?rest_route=\/wp\/v2\/posts\/75294","targetHints":{"allow":["GET"]}}],"collection":[{"href":"https:\/\/2horizontes.com\/index.php?rest_route=\/wp\/v2\/posts"}],"about":[{"href":"https:\/\/2horizontes.com\/index.php?rest_route=\/wp\/v2\/types\/post"}],"author":[{"embeddable":true,"href":"https:\/\/2horizontes.com\/index.php?rest_route=\/wp\/v2\/users\/1"}],"replies":[{"embeddable":true,"href":"https:\/\/2horizontes.com\/index.php?rest_route=%2Fwp%2Fv2%2Fcomments&post=75294"}],"version-history":[{"count":1,"href":"https:\/\/2horizontes.com\/index.php?rest_route=\/wp\/v2\/posts\/75294\/revisions"}],"predecessor-version":[{"id":75295,"href":"https:\/\/2horizontes.com\/index.php?rest_route=\/wp\/v2\/posts\/75294\/revisions\/75295"}],"wp:featuredmedia":[{"embeddable":true,"href":"https:\/\/2horizontes.com\/index.php?rest_route=\/wp\/v2\/media\/35870"}],"wp:attachment":[{"href":"https:\/\/2horizontes.com\/index.php?rest_route=%2Fwp%2Fv2%2Fmedia&parent=75294"}],"wp:term":[{"taxonomy":"category","embeddable":true,"href":"https:\/\/2horizontes.com\/index.php?rest_route=%2Fwp%2Fv2%2Fcategories&post=75294"},{"taxonomy":"post_tag","embeddable":true,"href":"https:\/\/2horizontes.com\/index.php?rest_route=%2Fwp%2Fv2%2Ftags&post=75294"}],"curies":[{"name":"wp","href":"https:\/\/api.w.org\/{rel}","templated":true}]}}