{"id":75255,"date":"2023-07-24T17:18:28","date_gmt":"2023-07-24T16:18:28","guid":{"rendered":"https:\/\/2horizontes.com\/?p=75255"},"modified":"2023-07-24T17:18:30","modified_gmt":"2023-07-24T16:18:30","slug":"leonel-el-prm-vacio-las-neveras-y-apago-estufas-de-dominicanos","status":"publish","type":"post","link":"https:\/\/2horizontes.com\/?p=75255","title":{"rendered":"Leonel: El PRM vaci\u00f3 las neveras y apag\u00f3 estufas de dominicanos"},"content":{"rendered":"\n<p>LA ROMANA, Rep\u00fablica Dominicana \u2013 El precandidato presidencial de la Fuerza del Pueblo, Leonel Fern\u00e1ndez, reiter\u00f3 sus cr\u00edticas al Gobierno al cual culp\u00f3 del aumento del costo de la vida y le acus\u00f3 de falta de gerencia para dirigir el pa\u00eds.<\/p>\n\n\n\n<p>Dijo que las actualesautoridades gubernamentales son &nbsp;ineficientes, porque \u201csolo prometen y no cumplen\u201d.<\/p>\n\n\n\n<p>\u201cLo que tenemos ahora es muchos anuncios y pocas realizaciones y, como consecuencia de que no cumplen con sus promesas, porque son ineficientes, porque sencillamente lo que han hecho es vaciar las neveras y apagar las estufas, el pueblo dominicano dice que en el 2024 e\u2019pa\u2019 fuera que van\u00bb, enfatiz\u00f3.<\/p>\n\n\n\n<p>Durante unas breves palabras en el acto de incorporaci\u00f3n de nuevos miembros a la entidad pol\u00edtica que dirige, dijo &nbsp;que de volver a conducir los destinos del pa\u00eds, tiene un compromiso con el municipio de Villa Hermosa, La Romana.<\/p>\n\n\n\n<p>\u201cLa construcci\u00f3n del acueducto que tanto han esperado ser\u00e1 una realidad con el regreso del progreso a partir del pr\u00f3ximo a\u00f1o\u201d, afirm\u00f3.<\/p>\n\n\n\n<p>Fernandez fue recibido con algarab\u00eda. La actividad, que estaba programada para realizarse en el sal\u00f3n principal del Club Recreativo La Romana, pero &nbsp;tuvo que trasladarse a las afueras del local, frente al parque central, debido a la multitud que se dio cita al lugar.<\/p>\n\n\n\n<p>En medio de consignas a favor de los precandidatos a puestos electivos (senador, diputados, alcaldes, regidores y directores de distritos municipales) el popular cantante, m\u00fasico y arreglista Jos\u00e9 Pe\u00f1a Suazo anim\u00f3 con sus interpretaciones musicales.<\/p>\n\n\n\n<p>JURAMENTADOS<\/p>\n\n\n\n<p>Fern\u00e1ndez dej\u00f3 juramentados como nuevos integrantes del partido Fuerza del Pueblo a renunciantes del PRM, PRSC, empresarios y ciudadanos independientes, entre los que se encuentran Ram\u00f3n Antonio Rosario, regidor por el Partido Reformista Social Cristiano y presidente de la Sala Capitular; &nbsp;los precandidatos a regidores por el Partido Revolucionario Moderno Rom\u00e1n Rosario, Cristina Romano, Domingo Fidel, Amado Mercedes y Valerio Paulino; la precandidata por el PRSC &nbsp;Lucilenia Solano y el precandidato a diputado Carlos S\u00e1nchez.<\/p>\n\n\n\n<p>Del municipio de Villa Hermosa se encuentran Sandy Constanzo, precandidato a alcalde y vicepresidente en esta localidad del partido gobernante; &nbsp;Ignacio Wilamo, precandidato a regidor y miembro de la direcci\u00f3n municipal de la misma entidad pol\u00edtica y Misael Santana, tambi\u00e9n aspirante a regidor por PRM.<\/p>\n\n\n\n<p>REUNIONES DE TRABAJO<\/p>\n\n\n\n<p>En la tarde del domingo Fern\u00e1ndez sostuvo reuniones de trabajo con la dirigencia de la Fuerza del Pueblo en La. Romana y tuvo &nbsp;un almuerzo privado con personalidades del sector empresarial de esta provincia, coordinado por el ingeniero C\u00e9sar Fern\u00e1ndez, enlace de la Direcci\u00f3n Pol\u00edtica para La Romana.<\/p>\n\n\n\n<p>INAUGURACION EN BOCA CHICA<\/p>\n\n\n\n<p>Fern\u00e1ndez inaugur\u00f3 la ma\u00f1ana de este domingo un nuevo local de la Fuerza del Pueblo en el distrito La Caleta, de este municipio.<\/p>\n\n\n\n<p>Estuvo acompa\u00f1ado de la pastora Carmen Rodr\u00edguez, Santos Ma\u00f1\u00f3n, Jes\u00fas Mercedes, Frank Beltr\u00e9 y Miguel C\u00e1rdena, precandidatos a la direcci\u00f3n de este distrito municipal.<\/p>\n\n\n<div class=\"wp-block-image\">\n<figure class=\"aligncenter\"><a href=\"https:\/\/almomento.net\/wp-content\/uploads\/2023\/07\/21aed31f-cd0e-4532-9f82-7788809cccdd.jpeg\"><img decoding=\"async\" src=\"https:\/\/almomento.net\/wp-content\/uploads\/2023\/07\/21aed31f-cd0e-4532-9f82-7788809cccdd.jpeg\" alt=\"\" class=\"wp-image-889437\"\/><\/a><\/figure><\/div>\n\n\n<p>Luego se traslad\u00f3 a la marginal de la autopista Las Am\u00e9ricas, a la altura de Andr\u00e9s Boca Chica, donde particip\u00f3 en una actividad de promoci\u00f3n de los precandidatos locales a puestos de elecci\u00f3n popular en los comicios del a\u00f1o 2024.<\/p>\n\n\n\n<p>sp-am<\/p>\n","protected":false},"excerpt":{"rendered":"<p>LA ROMANA, Rep\u00fablica Dominicana \u2013 El precandidato presidencial de la Fuerza del Pueblo, Leonel Fern\u00e1ndez, reiter\u00f3 sus cr\u00edticas al Gobierno al cual culp\u00f3 del aumento del costo de la vida y le acus\u00f3 de falta de gerencia para dirigir el pa\u00eds. Dijo que las actualesautoridades gubernamentales son &nbsp;ineficientes, porque \u201csolo prometen y no cumplen\u201d. \u201cLo [&hellip;]<\/p>\n","protected":false},"author":1,"featured_media":75256,"comment_status":"open","ping_status":"open","sticky":false,"template":"","format":"standard","meta":{"footnotes":""},"categories":[43,53,44],"tags":[],"class_list":["post-75255","post","type-post","status-publish","format-standard","has-post-thumbnail","hentry","category-politica","category-provincias","category-republica-dominicana"],"_links":{"self":[{"href":"https:\/\/2horizontes.com\/index.php?rest_route=\/wp\/v2\/posts\/75255","targetHints":{"allow":["GET"]}}],"collection":[{"href":"https:\/\/2horizontes.com\/index.php?rest_route=\/wp\/v2\/posts"}],"about":[{"href":"https:\/\/2horizontes.com\/index.php?rest_route=\/wp\/v2\/types\/post"}],"author":[{"embeddable":true,"href":"https:\/\/2horizontes.com\/index.php?rest_route=\/wp\/v2\/users\/1"}],"replies":[{"embeddable":true,"href":"https:\/\/2horizontes.com\/index.php?rest_route=%2Fwp%2Fv2%2Fcomments&post=75255"}],"version-history":[{"count":1,"href":"https:\/\/2horizontes.com\/index.php?rest_route=\/wp\/v2\/posts\/75255\/revisions"}],"predecessor-version":[{"id":75257,"href":"https:\/\/2horizontes.com\/index.php?rest_route=\/wp\/v2\/posts\/75255\/revisions\/75257"}],"wp:featuredmedia":[{"embeddable":true,"href":"https:\/\/2horizontes.com\/index.php?rest_route=\/wp\/v2\/media\/75256"}],"wp:attachment":[{"href":"https:\/\/2horizontes.com\/index.php?rest_route=%2Fwp%2Fv2%2Fmedia&parent=75255"}],"wp:term":[{"taxonomy":"category","embeddable":true,"href":"https:\/\/2horizontes.com\/index.php?rest_route=%2Fwp%2Fv2%2Fcategories&post=75255"},{"taxonomy":"post_tag","embeddable":true,"href":"https:\/\/2horizontes.com\/index.php?rest_route=%2Fwp%2Fv2%2Ftags&post=75255"}],"curies":[{"name":"wp","href":"https:\/\/api.w.org\/{rel}","templated":true}]}}