{"id":75251,"date":"2023-07-24T17:16:10","date_gmt":"2023-07-24T16:16:10","guid":{"rendered":"https:\/\/2horizontes.com\/?p=75251"},"modified":"2023-07-24T17:16:11","modified_gmt":"2023-07-24T16:16:11","slug":"rusia-advierte-medidas-severas-por-ataques-en-moscu-y-crimea","status":"publish","type":"post","link":"https:\/\/2horizontes.com\/?p=75251","title":{"rendered":"Rusia advierte medidas severas por ataques en Mosc\u00fa y Crimea"},"content":{"rendered":"\n<p><\/p>\n\n\n\n<figure class=\"wp-block-embed is-type-rich is-provider-gestor-del-servicio wp-block-embed-gestor-del-servicio\"><div class=\"wp-block-embed__wrapper\">\nhttps:\/\/youtube.com\/watch?v=cCplF3aHcUw%3Ffeature%3Doembed\n<\/div><\/figure>\n\n\n\n<p>MOSCU.- Rusia considera los ataques ucranianos con drones contra Mosc\u00fa y Crimea realizados este lunes como \u00abun uso m\u00e1s de m\u00e9todos terroristas y de intimidaci\u00f3n de la poblaci\u00f3n civil\u00bb por parte de Kiev, declar\u00f3 el Ministerio de Asuntos Exteriores ruso.<\/p>\n\n\n\n<p>De acuerdo con la Canciller\u00eda rusa, los atentados, de los que Ucrania ya ha asumido la responsabilidad, \u00abno ten\u00edan ning\u00fan significado militar\u00bb. \u00abCondenamos en\u00e9rgicamente este \u00faltimo crimen del r\u00e9gimen de Kiev. [\u2026] Detr\u00e1s de las descaradas acciones de los neonazis ucranianos se esconde el objetivo de Occidente de agravar a\u00fan m\u00e1s la situaci\u00f3n\u00bb, agrega el texto.<\/p>\n\n\n\n<p>La Canciller\u00eda tambi\u00e9n insta a las organizaciones internacionales a que \u00abeval\u00faen debidamente\u00bb el caso, as\u00ed como subraya que \u00abtodos los responsables ser\u00e1n encontrados y castigados\u00bb. \u00abLa parte rusa se reserva el derecho a tomar severas medidas de represalia\u00bb, concluye.<\/p>\n\n\n\n<p>Anteriormente, el Ministerio de Defensa de Rusia inform\u00f3 que durante la madrugada de este lunes se frustraron dos intentos de Kiev de perpetrar \u00abataques terroristas\u00bb en el territorio del pa\u00eds. En el primer caso, las fuerzas ucranianas intentaron atacar objetivos en Crimea con 17 drones, y en el segundo, objetivos en el territorio de la ciudad de Mosc\u00fa.<\/p>\n\n\n\n<p>El ministerio se\u00f1al\u00f3 que todos los drones enemigos fueron derribados por sistemas de defensa antia\u00e9rea o neutralizados con medios de guerra radioelectr\u00f3nica, subrayando que no hubo v\u00edctimas como consecuencia de los ataques.<\/p>\n","protected":false},"excerpt":{"rendered":"<p>MOSCU.- Rusia considera los ataques ucranianos con drones contra Mosc\u00fa y Crimea realizados este lunes como \u00abun uso m\u00e1s de m\u00e9todos terroristas y de intimidaci\u00f3n de la poblaci\u00f3n civil\u00bb por parte de Kiev, declar\u00f3 el Ministerio de Asuntos Exteriores ruso. De acuerdo con la Canciller\u00eda rusa, los atentados, de los que Ucrania ya ha asumido [&hellip;]<\/p>\n","protected":false},"author":1,"featured_media":75253,"comment_status":"open","ping_status":"open","sticky":false,"template":"","format":"standard","meta":{"footnotes":""},"categories":[86,40],"tags":[],"class_list":["post-75251","post","type-post","status-publish","format-standard","has-post-thumbnail","hentry","category-europa","category-internacionales"],"_links":{"self":[{"href":"https:\/\/2horizontes.com\/index.php?rest_route=\/wp\/v2\/posts\/75251","targetHints":{"allow":["GET"]}}],"collection":[{"href":"https:\/\/2horizontes.com\/index.php?rest_route=\/wp\/v2\/posts"}],"about":[{"href":"https:\/\/2horizontes.com\/index.php?rest_route=\/wp\/v2\/types\/post"}],"author":[{"embeddable":true,"href":"https:\/\/2horizontes.com\/index.php?rest_route=\/wp\/v2\/users\/1"}],"replies":[{"embeddable":true,"href":"https:\/\/2horizontes.com\/index.php?rest_route=%2Fwp%2Fv2%2Fcomments&post=75251"}],"version-history":[{"count":1,"href":"https:\/\/2horizontes.com\/index.php?rest_route=\/wp\/v2\/posts\/75251\/revisions"}],"predecessor-version":[{"id":75254,"href":"https:\/\/2horizontes.com\/index.php?rest_route=\/wp\/v2\/posts\/75251\/revisions\/75254"}],"wp:featuredmedia":[{"embeddable":true,"href":"https:\/\/2horizontes.com\/index.php?rest_route=\/wp\/v2\/media\/75253"}],"wp:attachment":[{"href":"https:\/\/2horizontes.com\/index.php?rest_route=%2Fwp%2Fv2%2Fmedia&parent=75251"}],"wp:term":[{"taxonomy":"category","embeddable":true,"href":"https:\/\/2horizontes.com\/index.php?rest_route=%2Fwp%2Fv2%2Fcategories&post=75251"},{"taxonomy":"post_tag","embeddable":true,"href":"https:\/\/2horizontes.com\/index.php?rest_route=%2Fwp%2Fv2%2Ftags&post=75251"}],"curies":[{"name":"wp","href":"https:\/\/api.w.org\/{rel}","templated":true}]}}