{"id":75232,"date":"2023-07-13T10:13:44","date_gmt":"2023-07-13T09:13:44","guid":{"rendered":"https:\/\/2horizontes.com\/?p=75232"},"modified":"2023-07-13T10:13:46","modified_gmt":"2023-07-13T09:13:46","slug":"matan-a-2-jovenes-uno-en-villa-gonzalez-y-a-otro-cerca-de-cotui","status":"publish","type":"post","link":"https:\/\/2horizontes.com\/?p=75232","title":{"rendered":"Matan a 2 j\u00f3venes, uno en Villa Gonz\u00e1lez y a otro cerca de Cotu\u00ed"},"content":{"rendered":"\n<p><\/p>\n\n\n\n<p>SANTIAGO DE LOS CABALLEROS.- Un capit\u00e1n retirado de la Polic\u00eda ultim\u00f3 de un balazo a uno de dos j\u00f3venes que supuestamente intentaron atracarlo cuando sal\u00eda de un colmado en el sector Los Cambrones, del municipio Villa Gonz\u00e1lez.<\/p>\n\n\n\n<p>El muerto es Jean Marcos Carela, de 22 a\u00f1os, y el agresor Fernando P\u00e9rez Valerio.<\/p>\n\n\n\n<p>Familiares del occiso negaron que fuera atracador. Su hermano, Edison Carela, dijo que \u00absolo le gustaba su trago pero que no robaba\u00bb.<\/p>\n\n\n\n<p>Conforme la versi\u00f3n policial, Carela lleg\u00f3 a un colmado armado e intent\u00f3 atracar a P\u00e9rez Valerio.<\/p>\n\n\n\n<figure class=\"wp-block-embed is-type-rich is-provider-gestor-del-servicio wp-block-embed-gestor-del-servicio wp-embed-aspect-4-3 wp-has-aspect-ratio\"><div class=\"wp-block-embed__wrapper\">\n<iframe loading=\"lazy\" title=\"Cae abatido joven en medio de un supuesto atraco en Villa Gonz\u00e1lez, Santiago\" width=\"960\" height=\"720\" src=\"https:\/\/www.youtube.com\/embed\/KzYGUQKXYNE?feature=oembed\" frameborder=\"0\" allow=\"accelerometer; autoplay; clipboard-write; encrypted-media; gyroscope; picture-in-picture; web-share\" allowfullscreen><\/iframe>\n<\/div><\/figure>\n\n\n\n<p><strong>OTRO CASO<\/strong><\/p>\n\n\n\n<p>En otro incidente, tres personas encapuchadas ingresaron a una casa y mataron a un joven y amarraron a sus padres en el distrito municipal El Platanal, de la provincia S\u00e1nchez Ram\u00edrez.<\/p>\n\n\n\n<p>El muerto es Sigfrido de Jes\u00fas Javier. Los homicidas huyeron y hasta el momento no han sido identificados.<\/p>\n\n\n\n<p>jt\/am<\/p>\n","protected":false},"excerpt":{"rendered":"<p>SANTIAGO DE LOS CABALLEROS.- Un capit\u00e1n retirado de la Polic\u00eda ultim\u00f3 de un balazo a uno de dos j\u00f3venes que supuestamente intentaron atracarlo cuando sal\u00eda de un colmado en el sector Los Cambrones, del municipio Villa Gonz\u00e1lez. El muerto es Jean Marcos Carela, de 22 a\u00f1os, y el agresor Fernando P\u00e9rez Valerio. Familiares del occiso [&hellip;]<\/p>\n","protected":false},"author":1,"featured_media":40323,"comment_status":"open","ping_status":"open","sticky":false,"template":"","format":"standard","meta":{"footnotes":""},"categories":[44],"tags":[],"class_list":["post-75232","post","type-post","status-publish","format-standard","has-post-thumbnail","hentry","category-republica-dominicana"],"_links":{"self":[{"href":"https:\/\/2horizontes.com\/index.php?rest_route=\/wp\/v2\/posts\/75232","targetHints":{"allow":["GET"]}}],"collection":[{"href":"https:\/\/2horizontes.com\/index.php?rest_route=\/wp\/v2\/posts"}],"about":[{"href":"https:\/\/2horizontes.com\/index.php?rest_route=\/wp\/v2\/types\/post"}],"author":[{"embeddable":true,"href":"https:\/\/2horizontes.com\/index.php?rest_route=\/wp\/v2\/users\/1"}],"replies":[{"embeddable":true,"href":"https:\/\/2horizontes.com\/index.php?rest_route=%2Fwp%2Fv2%2Fcomments&post=75232"}],"version-history":[{"count":1,"href":"https:\/\/2horizontes.com\/index.php?rest_route=\/wp\/v2\/posts\/75232\/revisions"}],"predecessor-version":[{"id":75234,"href":"https:\/\/2horizontes.com\/index.php?rest_route=\/wp\/v2\/posts\/75232\/revisions\/75234"}],"wp:featuredmedia":[{"embeddable":true,"href":"https:\/\/2horizontes.com\/index.php?rest_route=\/wp\/v2\/media\/40323"}],"wp:attachment":[{"href":"https:\/\/2horizontes.com\/index.php?rest_route=%2Fwp%2Fv2%2Fmedia&parent=75232"}],"wp:term":[{"taxonomy":"category","embeddable":true,"href":"https:\/\/2horizontes.com\/index.php?rest_route=%2Fwp%2Fv2%2Fcategories&post=75232"},{"taxonomy":"post_tag","embeddable":true,"href":"https:\/\/2horizontes.com\/index.php?rest_route=%2Fwp%2Fv2%2Ftags&post=75232"}],"curies":[{"name":"wp","href":"https:\/\/api.w.org\/{rel}","templated":true}]}}