{"id":75228,"date":"2023-07-06T00:07:00","date_gmt":"2023-07-05T23:07:00","guid":{"rendered":"https:\/\/2horizontes.com\/?p=75228"},"modified":"2023-07-06T00:07:02","modified_gmt":"2023-07-05T23:07:02","slug":"radhames-jimenez-juramenta-en-la-fp-a-carmen-ramirez-dirigente-politica-del-exterior","status":"publish","type":"post","link":"https:\/\/2horizontes.com\/?p=75228","title":{"rendered":"Radham\u00e9s Jim\u00e9nez juramenta en la FP a Carmen Ram\u00edrez, dirigente pol\u00edtica del exterior"},"content":{"rendered":"\n<p><\/p>\n\n\n\n<p>EL NUEVO DIARIO, SANTO DOMINGO. \u2013 El vicepresidente y coordinador pol\u00edtico de la Fuerza del Pueblo, Radham\u00e9s Jim\u00e9nez Pe\u00f1a, jurament\u00f3 en esa organizaci\u00f3n pol\u00edtica a Carmen Ram\u00edrez, quien renunci\u00f3 del PRM, y decidi\u00f3 formar filas en el partido que lidera Leonel Fern\u00e1ndez.<\/p>\n\n\n\n<p>Seg\u00fan dio a conocer Ram\u00edrez mediante un comunicado, decidi\u00f3 abandonar el partido de gobierno, porque no representa los mejores intereses del pueblo dominicano, adem\u00e1s no cumplieron con las promesas hechas a miles de dominicanos del exterior, espec\u00edficamente de Europa.<\/p>\n\n\n\n<p>La trabajadora social y l\u00edder comunitaria preside el movimiento pol\u00edtico \u201cDominicanos activos por el cambio en Europa\u00bb, el cual fue endosado en su totalidad a la FP.<\/p>\n\n\n\n<p>De igual forma, fue juramentada la Direcci\u00f3n Media de Madrid- Espa\u00f1a, que dirige la tambi\u00e9n periodista, la misma fue validada por el secretario de organizaci\u00f3n de la FP, en Europa Henry Zorrilla.<\/p>\n\n\n\n<p>El acto de juramentaci\u00f3n cont\u00f3 con la presencia de varios miembros de la Direcci\u00f3n Central de la FP, y de la Direcci\u00f3n de Europa, que dirige el connotado dirigente pol\u00edtico Marcos Cross, quien adem\u00e1s es el titular de la Secretar\u00eda del Dominicano en el Exterior.<\/p>\n","protected":false},"excerpt":{"rendered":"<p>EL NUEVO DIARIO, SANTO DOMINGO. \u2013 El vicepresidente y coordinador pol\u00edtico de la Fuerza del Pueblo, Radham\u00e9s Jim\u00e9nez Pe\u00f1a, jurament\u00f3 en esa organizaci\u00f3n pol\u00edtica a Carmen Ram\u00edrez, quien renunci\u00f3 del PRM, y decidi\u00f3 formar filas en el partido que lidera Leonel Fern\u00e1ndez. Seg\u00fan dio a conocer Ram\u00edrez mediante un comunicado, decidi\u00f3 abandonar el partido de [&hellip;]<\/p>\n","protected":false},"author":1,"featured_media":75229,"comment_status":"open","ping_status":"open","sticky":false,"template":"","format":"standard","meta":{"footnotes":""},"categories":[46,43,44],"tags":[],"class_list":["post-75228","post","type-post","status-publish","format-standard","has-post-thumbnail","hentry","category-dominicanos-en-madrid","category-politica","category-republica-dominicana"],"_links":{"self":[{"href":"https:\/\/2horizontes.com\/index.php?rest_route=\/wp\/v2\/posts\/75228","targetHints":{"allow":["GET"]}}],"collection":[{"href":"https:\/\/2horizontes.com\/index.php?rest_route=\/wp\/v2\/posts"}],"about":[{"href":"https:\/\/2horizontes.com\/index.php?rest_route=\/wp\/v2\/types\/post"}],"author":[{"embeddable":true,"href":"https:\/\/2horizontes.com\/index.php?rest_route=\/wp\/v2\/users\/1"}],"replies":[{"embeddable":true,"href":"https:\/\/2horizontes.com\/index.php?rest_route=%2Fwp%2Fv2%2Fcomments&post=75228"}],"version-history":[{"count":1,"href":"https:\/\/2horizontes.com\/index.php?rest_route=\/wp\/v2\/posts\/75228\/revisions"}],"predecessor-version":[{"id":75230,"href":"https:\/\/2horizontes.com\/index.php?rest_route=\/wp\/v2\/posts\/75228\/revisions\/75230"}],"wp:featuredmedia":[{"embeddable":true,"href":"https:\/\/2horizontes.com\/index.php?rest_route=\/wp\/v2\/media\/75229"}],"wp:attachment":[{"href":"https:\/\/2horizontes.com\/index.php?rest_route=%2Fwp%2Fv2%2Fmedia&parent=75228"}],"wp:term":[{"taxonomy":"category","embeddable":true,"href":"https:\/\/2horizontes.com\/index.php?rest_route=%2Fwp%2Fv2%2Fcategories&post=75228"},{"taxonomy":"post_tag","embeddable":true,"href":"https:\/\/2horizontes.com\/index.php?rest_route=%2Fwp%2Fv2%2Ftags&post=75228"}],"curies":[{"name":"wp","href":"https:\/\/api.w.org\/{rel}","templated":true}]}}