{"id":75154,"date":"2023-05-05T17:34:13","date_gmt":"2023-05-05T16:34:13","guid":{"rendered":"https:\/\/2horizontes.com\/?p=75154"},"modified":"2023-05-05T17:34:15","modified_gmt":"2023-05-05T16:34:15","slug":"gobierno-informa-avance-en-pacto-de-nacion-frente-crisis-haitiana-convocado-por-abinader","status":"publish","type":"post","link":"https:\/\/2horizontes.com\/?p=75154","title":{"rendered":"Gobierno informa avance en Pacto de Naci\u00f3n frente crisis haitiana convocado por Abinader"},"content":{"rendered":"\n<p>El viceministro Administrativo de la Presidencia, Andr\u00e9s Lugo Risk, inform\u00f3 este viernes que avanzan los trabajos para la firma de un gran Pacto de Naci\u00f3n frente a la crisis haitiana convocado por el presidente Luis Abinader en su rendici\u00f3n de cuentas ante la Asamblea Nacional el pasado 27 de febrero.<\/p>\n\n\n\n<p>El funcionario precis\u00f3 que los trabajos se han estado desarroll\u00e1ndose de manera amplia, plural y participativa durante las \u00faltimas semanas.<\/p>\n\n\n\n<p>En un comunicado de prensa, el viceministro Lugo Risk, indic\u00f3 que representantes de 25 agrupaciones pol\u00edticas, intelectuales y acad\u00e9micos, as\u00ed como representantes de diversas \u00e1reas del gobierno se han mantenido participando en los espacios de debate y presentaci\u00f3n de propuestas que se han creado para conciliar los distintos criterios de especialistas y conocedores de este tema.<\/p>\n\n\n\n<p>Adem\u00e1s, inform\u00f3 que se han conformado cuatro comisiones de trabajo por ejes tem\u00e1ticos: pol\u00edtica exterior, pol\u00edtica migratoria, impacto econ\u00f3mico y control fronterizo. Tres de \u00e9stas ya dan los \u00faltimos toques a sus propuestas finales, consensuadas y elaboradas luego de numerosas reuniones en el Palacio Nacional, el Archivo General de la Naci\u00f3n y el Ministerio de Trabajo.<\/p>\n\n\n\n<p>En las pr\u00f3ximas semanas tambi\u00e9n se llevar\u00e1n a cabo importantes anuncios de acciones y medidas que se han articulado en estos encuentros y que han surgido del consenso de estos actores, provenientes de diferentes sectores de la vida del pa\u00eds, unidos por el inter\u00e9s com\u00fan de defender y preservar el inter\u00e9s nacional. Estas propuestas contar\u00e1n con el apoyo del gobierno del presidente Abinader.<\/p>\n\n\n\n<ul class=\"wp-block-list\"><li><strong>Lee tambi\u00e9n:<\/strong>&nbsp;<a href=\"https:\/\/z101digital.com\/canciller-dominicano-pide-a-la-onu-que-actue-con-urgencia-en-haiti\/\">Canciller dominicano pide a la ONU que \u201cactu\u00e9 con urgencia\u201d en Hait\u00ed<\/a><\/li><\/ul>\n\n\n\n<p>Los l\u00edderes pol\u00edticos que han estado participando de manera activa en estos grupos son: Rogelio Genao y Rafael Cruz, por el PRSC; El\u00edas Wessin, por el PQDC; Max Puig y Carlos S\u00e1nchez, por la APD; Pelegr\u00edn Castillo, por la FNP; Luis Miguel De Camps, Juan Estevez y Ricardo Polanco, por el PRSD; Maritza L\u00f3pez, por el PAL; Elsido D\u00edaz, por MODA; Jorge Zorrilla Ozuna, por el PCR; Luis Acosta Moreta, por el PUCR; Julio C\u00e9sar Valent\u00edn y Benedicto Hern\u00e1ndez, por Justicia Social.<\/p>\n\n\n\n<p>Tambi\u00e9n han laborado en las mencionadas comisiones, por el partido DxC, Mateo Espaillat, Manuel Mont\u00e1s y Manuel Oviedo; por Pa\u00eds Posible, Milton Morrison; por el Partido Verde, Antolin Polanco; Wenshy Medina, BIS; Ram\u00f3n Goris y Elexido Paula, PHD; Eddy Olivares y Jos\u00e9 Julio G\u00f3mez, PRM; Trajano Santana, PRI; Ismael Reyes, PDI; Antonio Marte y Jean Marte, PPG; Juan Cohen, PNVC; Juan Hubieres, MR; Peter Aristy y Amaury Guzm\u00e1n, PLR; Modesto Guzm\u00e1n, MNB; Soraya Aquino, PSC; y Pablo Yarull, por el PPP.<\/p>\n\n\n\n<p>Los acad\u00e9micos e intelectuales integrados en los trabajos son: Juan Daniel Balc\u00e1cer, Roberto Cass\u00e1, Eduardo Garc\u00eda Michel y Fernando Ferr\u00e1n, quienes coordinan las cuatro comisiones. Igualmente participan Bernardo Vega, Juan Miguel Castillo Pantale\u00f3n, Wilfredo Lozano, Julio Ortega Tous, Luis Humberto Vargas, Manuel Nu\u00f1ez, Iv\u00e1n Gat\u00f3n, Miguel Fiallo, Raul De Moya Espa\u00f1ol, Miguel Reyes S\u00e1nchez, Jos\u00e9 Miguel V\u00e1squez, Manuel Robles, Humberto P\u00e9rez y Manuel Berg\u00e9s.<\/p>\n","protected":false},"excerpt":{"rendered":"<p>El viceministro Administrativo de la Presidencia, Andr\u00e9s Lugo Risk, inform\u00f3 este viernes que avanzan los trabajos para la firma de un gran Pacto de Naci\u00f3n frente a la crisis haitiana convocado por el presidente Luis Abinader en su rendici\u00f3n de cuentas ante la Asamblea Nacional el pasado 27 de febrero. El funcionario precis\u00f3 que los [&hellip;]<\/p>\n","protected":false},"author":1,"featured_media":73790,"comment_status":"open","ping_status":"open","sticky":false,"template":"","format":"standard","meta":{"footnotes":""},"categories":[54,47,43,44],"tags":[],"class_list":["post-75154","post","type-post","status-publish","format-standard","has-post-thumbnail","hentry","category-emigrantes","category-haiti","category-politica","category-republica-dominicana"],"_links":{"self":[{"href":"https:\/\/2horizontes.com\/index.php?rest_route=\/wp\/v2\/posts\/75154","targetHints":{"allow":["GET"]}}],"collection":[{"href":"https:\/\/2horizontes.com\/index.php?rest_route=\/wp\/v2\/posts"}],"about":[{"href":"https:\/\/2horizontes.com\/index.php?rest_route=\/wp\/v2\/types\/post"}],"author":[{"embeddable":true,"href":"https:\/\/2horizontes.com\/index.php?rest_route=\/wp\/v2\/users\/1"}],"replies":[{"embeddable":true,"href":"https:\/\/2horizontes.com\/index.php?rest_route=%2Fwp%2Fv2%2Fcomments&post=75154"}],"version-history":[{"count":1,"href":"https:\/\/2horizontes.com\/index.php?rest_route=\/wp\/v2\/posts\/75154\/revisions"}],"predecessor-version":[{"id":75155,"href":"https:\/\/2horizontes.com\/index.php?rest_route=\/wp\/v2\/posts\/75154\/revisions\/75155"}],"wp:featuredmedia":[{"embeddable":true,"href":"https:\/\/2horizontes.com\/index.php?rest_route=\/wp\/v2\/media\/73790"}],"wp:attachment":[{"href":"https:\/\/2horizontes.com\/index.php?rest_route=%2Fwp%2Fv2%2Fmedia&parent=75154"}],"wp:term":[{"taxonomy":"category","embeddable":true,"href":"https:\/\/2horizontes.com\/index.php?rest_route=%2Fwp%2Fv2%2Fcategories&post=75154"},{"taxonomy":"post_tag","embeddable":true,"href":"https:\/\/2horizontes.com\/index.php?rest_route=%2Fwp%2Fv2%2Ftags&post=75154"}],"curies":[{"name":"wp","href":"https:\/\/api.w.org\/{rel}","templated":true}]}}