{"id":75109,"date":"2023-03-06T14:02:30","date_gmt":"2023-03-06T13:02:30","guid":{"rendered":"https:\/\/2horizontes.com\/?p=75109"},"modified":"2023-03-06T14:02:33","modified_gmt":"2023-03-06T13:02:33","slug":"presidente-luis-abinader-viajo-a-ecuador-a-reunion-internacional","status":"publish","type":"post","link":"https:\/\/2horizontes.com\/?p=75109","title":{"rendered":"Presidente Luis Abinader viaj\u00f3 a Ecuador a reuni\u00f3n internacional"},"content":{"rendered":"\n<p><\/p>\n\n\n\n<p>Santo Domingo, 5 mar (EFE).- El presidente Luis Abinader viaj\u00f3 este domingo a Ecuador para participar de la VI Reuni\u00f3n de la Alianza para el Desarrollo en Democracia (ADD), a celebrarse en esa naci\u00f3n suramericana este lunes, inform\u00f3 la Oficina de Prensa del Presidente.<\/p>\n\n\n\n<p>Durante el encuentro el presidente Abinader tendr\u00e1 varias intervenciones y sostendr\u00e1 encuentros bilaterales con sus hom\u00f3logos de Ecuador, Guillermo Lasso; Panam\u00e1, Jos\u00e9 Carrizo, y Costa Rica, Rodriguez Chaves Robles.<\/p>\n\n\n\n<p>El mandatario viaj\u00f3&nbsp; acompa\u00f1ado de los ministros de Relaciones Exteriores, Roberto \u00c1lvarez; Administrativo de la Presidencia; Jos\u00e9 Ignacio Paliza, el jefe del Cuerpo de Seguridad Presidencial (Cusep), Jimmy Arias Grull\u00f3n y su asistente especial, Eylin Beltr\u00e1n.<\/p>\n\n\n\n<p>El programa del evento inicia este domingo cuando arriban las delegaciones de Costa Rica y Rep\u00fablica Dominicana al aeropuerto Mariscal Sucre y luego en horas de la noche se llevar\u00e1 a cabo una cena ofrecida por el presidente de Ecuador y la primera dama a los jefes de Estado de los pa\u00edses de la Alianza para el Desarrollo en Democracia.<\/p>\n\n\n\n<p><strong>PROGRAMA&nbsp;<\/strong><\/p>\n\n\n\n<p>Para el lunes 6 de marzo, el encuentro inicia con las palabras de bienvenida por parte del presidente de la Rep\u00fablica del Ecuador, Guillermo Lasso Mendoza y los saludos de los jefes de Estado y jefes de delegaci\u00f3n.<\/p>\n\n\n\n<p>A las 10:03 de la ma\u00f1ana (hora de Ecuador) continuar\u00e1n las palabras de los presidentes de Costa Rica, Rep\u00fablica Dominicana y el vicepresidente de Panam\u00e1.<\/p>\n\n\n\n<p>Luego, se realizar\u00e1 un informe sobre la evoluci\u00f3n de la Alianza y se efectuar\u00e1 una presentaci\u00f3n de avances de cada uno de los pilares que incluyen, la intervenci\u00f3n del ministro de Relaciones Exteriores y Culto de Costa Rica, Arnoldo Andr\u00e9 Tinoco, sobre el pilar de cooperaci\u00f3n, y la intervenci\u00f3n de la ministra de Relaciones Exteriores de Panam\u00e1, Janaina Tewaney Mencomo, sobre el pilar pol\u00edtico.<\/p>\n\n\n\n<p>Asimismo, intervendr\u00e1n el ministro de Relaciones Exteriores de Rep\u00fablica Dominicana, Roberto \u00c1lvarez Gil, quien hablar\u00e1 sobre el pilar econ\u00f3mico y el ministro de Relaciones Exteriores y Movilidad Humana de Ecuador, Juan Carlos Holgu\u00edn, sobre la propuesta de trabajo del pilar sostenibilidad ambiental y econom\u00eda circular.<\/p>\n\n\n\n<p>Para las 10:28 de la ma\u00f1ana (hora de Ecuador) tendr\u00e1n intervenci\u00f3n los jefes de Estado y de delegaci\u00f3n sobre la ADD y perspectivas de futuro.<\/p>\n\n\n\n<p>A esa misma hora tendr\u00e1n nuevas intervenciones los presidentes Rodrigo Chaves Robles, Luis Abinader Corona, Jos\u00e9 Gabriel Carrizo y Guillermo Lasso Mendoza.<\/p>\n\n\n\n<p>De igual modo, se presentar\u00e1n y aprobar\u00e1n los lineamientos y la estructura operativa de la ADD a cargo de Rep\u00fablica Dominicana por espacio de 10 minutos.<\/p>\n\n\n\n<p>Tambi\u00e9n, se mostrar\u00e1n otras propuestas de trabajo de la Alianza, un di\u00e1logo con invitados especiales, se realizar\u00e1 la intervenci\u00f3n del ministro de Asuntos Exteriores, Uni\u00f3n Europea y Cooperaci\u00f3n del Reino de Espa\u00f1a, Juan Manuel Albares Bueno, para finalmente llevar a cabo un intercambio entre jefes de Estado y una foto oficial.<\/p>\n\n\n\n<p><strong>\u00bfQUE ES LA ADD?<\/strong><\/p>\n\n\n\n<p>La Alianza para el Desarrollo en Democracia (ADD) es un espacio de di\u00e1logo y coordinaci\u00f3n estrat\u00e9gica concebida inicialmente por los pa\u00edses de Costa Rica, Panam\u00e1 y Rep\u00fablica Dominicana, para fomentar el crecimiento econ\u00f3mico en el marco de la democracia, los derechos humanos y los objetivos de desarrollo sostenible. A estos pa\u00edses se integr\u00f3 Ecuador.<\/p>\n\n\n\n<p>Abinader tiene previsto retornar al pa\u00eds la noche del lunes.EFE<\/p>\n","protected":false},"excerpt":{"rendered":"<p>Santo Domingo, 5 mar (EFE).- El presidente Luis Abinader viaj\u00f3 este domingo a Ecuador para participar de la VI Reuni\u00f3n de la Alianza para el Desarrollo en Democracia (ADD), a celebrarse en esa naci\u00f3n suramericana este lunes, inform\u00f3 la Oficina de Prensa del Presidente. Durante el encuentro el presidente Abinader tendr\u00e1 varias intervenciones y sostendr\u00e1 [&hellip;]<\/p>\n","protected":false},"author":1,"featured_media":75110,"comment_status":"open","ping_status":"open","sticky":false,"template":"","format":"standard","meta":{"footnotes":""},"categories":[40,43,44],"tags":[],"class_list":["post-75109","post","type-post","status-publish","format-standard","has-post-thumbnail","hentry","category-internacionales","category-politica","category-republica-dominicana"],"_links":{"self":[{"href":"https:\/\/2horizontes.com\/index.php?rest_route=\/wp\/v2\/posts\/75109","targetHints":{"allow":["GET"]}}],"collection":[{"href":"https:\/\/2horizontes.com\/index.php?rest_route=\/wp\/v2\/posts"}],"about":[{"href":"https:\/\/2horizontes.com\/index.php?rest_route=\/wp\/v2\/types\/post"}],"author":[{"embeddable":true,"href":"https:\/\/2horizontes.com\/index.php?rest_route=\/wp\/v2\/users\/1"}],"replies":[{"embeddable":true,"href":"https:\/\/2horizontes.com\/index.php?rest_route=%2Fwp%2Fv2%2Fcomments&post=75109"}],"version-history":[{"count":1,"href":"https:\/\/2horizontes.com\/index.php?rest_route=\/wp\/v2\/posts\/75109\/revisions"}],"predecessor-version":[{"id":75111,"href":"https:\/\/2horizontes.com\/index.php?rest_route=\/wp\/v2\/posts\/75109\/revisions\/75111"}],"wp:featuredmedia":[{"embeddable":true,"href":"https:\/\/2horizontes.com\/index.php?rest_route=\/wp\/v2\/media\/75110"}],"wp:attachment":[{"href":"https:\/\/2horizontes.com\/index.php?rest_route=%2Fwp%2Fv2%2Fmedia&parent=75109"}],"wp:term":[{"taxonomy":"category","embeddable":true,"href":"https:\/\/2horizontes.com\/index.php?rest_route=%2Fwp%2Fv2%2Fcategories&post=75109"},{"taxonomy":"post_tag","embeddable":true,"href":"https:\/\/2horizontes.com\/index.php?rest_route=%2Fwp%2Fv2%2Ftags&post=75109"}],"curies":[{"name":"wp","href":"https:\/\/api.w.org\/{rel}","templated":true}]}}