{"id":75106,"date":"2023-03-06T14:00:27","date_gmt":"2023-03-06T13:00:27","guid":{"rendered":"https:\/\/2horizontes.com\/?p=75106"},"modified":"2023-03-06T14:00:29","modified_gmt":"2023-03-06T13:00:29","slug":"hipolito-encabezara-actos-con-motivo-natalicio-de-pena-gomez","status":"publish","type":"post","link":"https:\/\/2horizontes.com\/?p=75106","title":{"rendered":"Hip\u00f3lito encabezar\u00e1 actos con motivo natalicio de Pe\u00f1a G\u00f3mez"},"content":{"rendered":"\n<p><\/p>\n\n\n\n<p>SANTO DOMINGO.- Diversos actos ser\u00e1n celebrados este lunes en esta capital con motivo del 86 aniversario del natalicio del doctor Jos\u00e9 Francisco Pe\u00f1a G\u00f3mez, fallecido l\u00edder pol\u00edtico dominicano y latinoamericano que fuera secretario general y presidente del Partido Revolucionario Dominicano.<\/p>\n\n\n\n<p>A las 4:00 de la tarde el expresidente Hip\u00f3lito Mej\u00eda encabezar\u00e1, junto a &nbsp;la doctora Milagros Ortiz Bosch, Peggy Cabral viuda Pe\u00f1a y otras personalidades, un acto en el cual se narrar\u00e1n episodios y vivencias compartidos con el extinto l\u00edder.<\/p>\n\n\n\n<p>Este evento ser\u00e1 celebrado en la sede del Instituto de Formaci\u00f3n Pol\u00edtica Dr Jos\u00e9 Francisco Pe\u00f1a G\u00f3mez, en la calle Santiago, entre las calles Pasteur y&nbsp; Doctor Delgado. en Gazcue<\/p>\n\n\n\n<p>El doctor Pe\u00f1a G\u00f3mez naci\u00f3 el 6 de marzo&nbsp; del 1937 en la comunidad de Guayacanes, de la hoy provincia Valverde, Desde peque\u00f1o se traslad\u00f3 a San Crist\u00f3bal, donde, desde su juventud dej\u00f3 demostrada su vocaci\u00f3n &nbsp;de servicio, abrazando la docencia como medio para contribuir con el desarrollo de decenas de j\u00f3venes en el instituto&nbsp; Reformatorio para Menores, que hoy lleva su nombre.<\/p>\n\n\n\n<p>A la llegada al pa\u00eds de la Comisi\u00f3n de avanzada del Partido Revolucionario Dominicana, encabezada por \u00c1ngel Miol\u00e1n, se integr\u00f3 a desarrollar actividades pol\u00edticas en dicha organizaci\u00f3n, en la cual desarroll\u00f3 un gran liderazgo y amplia capacidad estrat\u00e9gica impuls\u00e1ndola a llegar al poder en varias oportunidades<\/p>\n\n\n\n<p>Tambi\u00e9n varios partidos pol\u00edticos incluyendo el Partido Revolucionario Moderno, celebrar\u00e1n actividades este lunes.<\/p>\n\n\n\n<p>Pe\u00f1a G\u00f3mez falleci\u00f3 el 10 de mayo del 1998.&nbsp; Sus restos descansan en el cementerio Cristo Redentor,<\/p>\n\n\n\n<p>of-am<\/p>\n","protected":false},"excerpt":{"rendered":"<p>SANTO DOMINGO.- Diversos actos ser\u00e1n celebrados este lunes en esta capital con motivo del 86 aniversario del natalicio del doctor Jos\u00e9 Francisco Pe\u00f1a G\u00f3mez, fallecido l\u00edder pol\u00edtico dominicano y latinoamericano que fuera secretario general y presidente del Partido Revolucionario Dominicano. A las 4:00 de la tarde el expresidente Hip\u00f3lito Mej\u00eda encabezar\u00e1, junto a &nbsp;la doctora [&hellip;]<\/p>\n","protected":false},"author":1,"featured_media":75107,"comment_status":"open","ping_status":"open","sticky":false,"template":"","format":"standard","meta":{"footnotes":""},"categories":[43,44],"tags":[],"class_list":["post-75106","post","type-post","status-publish","format-standard","has-post-thumbnail","hentry","category-politica","category-republica-dominicana"],"_links":{"self":[{"href":"https:\/\/2horizontes.com\/index.php?rest_route=\/wp\/v2\/posts\/75106","targetHints":{"allow":["GET"]}}],"collection":[{"href":"https:\/\/2horizontes.com\/index.php?rest_route=\/wp\/v2\/posts"}],"about":[{"href":"https:\/\/2horizontes.com\/index.php?rest_route=\/wp\/v2\/types\/post"}],"author":[{"embeddable":true,"href":"https:\/\/2horizontes.com\/index.php?rest_route=\/wp\/v2\/users\/1"}],"replies":[{"embeddable":true,"href":"https:\/\/2horizontes.com\/index.php?rest_route=%2Fwp%2Fv2%2Fcomments&post=75106"}],"version-history":[{"count":1,"href":"https:\/\/2horizontes.com\/index.php?rest_route=\/wp\/v2\/posts\/75106\/revisions"}],"predecessor-version":[{"id":75108,"href":"https:\/\/2horizontes.com\/index.php?rest_route=\/wp\/v2\/posts\/75106\/revisions\/75108"}],"wp:featuredmedia":[{"embeddable":true,"href":"https:\/\/2horizontes.com\/index.php?rest_route=\/wp\/v2\/media\/75107"}],"wp:attachment":[{"href":"https:\/\/2horizontes.com\/index.php?rest_route=%2Fwp%2Fv2%2Fmedia&parent=75106"}],"wp:term":[{"taxonomy":"category","embeddable":true,"href":"https:\/\/2horizontes.com\/index.php?rest_route=%2Fwp%2Fv2%2Fcategories&post=75106"},{"taxonomy":"post_tag","embeddable":true,"href":"https:\/\/2horizontes.com\/index.php?rest_route=%2Fwp%2Fv2%2Ftags&post=75106"}],"curies":[{"name":"wp","href":"https:\/\/api.w.org\/{rel}","templated":true}]}}