{"id":75103,"date":"2023-03-06T13:57:26","date_gmt":"2023-03-06T12:57:26","guid":{"rendered":"https:\/\/2horizontes.com\/?p=75103"},"modified":"2023-03-06T13:57:29","modified_gmt":"2023-03-06T12:57:29","slug":"millares-de-personas-disfrutan-del-desfile-de-carnaval-este-domingo","status":"publish","type":"post","link":"https:\/\/2horizontes.com\/?p=75103","title":{"rendered":"Millares de personas disfrutan del desfile de carnaval este domingo"},"content":{"rendered":"\n<p><\/p>\n\n\n\n<p>Santo Domingo, 5 mar (EFE).- El color, la imaginaci\u00f3n, la m\u00fasica y el desborde de movimientos corporales volvi\u00f3 a copar el malec\u00f3n de la capital dominicana con la celebraci\u00f3n este domingo del Desfile Nacional de Carnaval, que en esta oportunidad fue dedicado a la provincia de Santiago (norte) y a Puerto Rico.<\/p>\n\n\n\n<figure class=\"wp-block-image\" id=\"attachment_857989\"><a href=\"https:\/\/almomento.net\/wp-content\/uploads\/2023\/03\/Momento-en-que-la-cantante-Diomary-La-Mala-era-coronada-como-reina-del-Carnaval-por-la-ministra-de-Cultura-Milagros-German..jpg\"><img decoding=\"async\" src=\"https:\/\/almomento.net\/wp-content\/uploads\/2023\/03\/Momento-en-que-la-cantante-Diomary-La-Mala-era-coronada-como-reina-del-Carnaval-por-la-ministra-de-Cultura-Milagros-German..jpg\" alt=\"\" class=\"wp-image-857989\"\/><\/a><figcaption>Momento en que la cantante Diomary La Mala era coronada como reina del Carnaval por la ministra de Cultura, Milagros Germ\u00e1n.,<\/figcaption><\/figure>\n\n\n\n<p>Los reyes del carnaval, el escritor y gestor cultural Rafael Alm\u00e1nzar y la cantante Diomary La Mala, dieron inicio al recorrido en un coche sin caballos subido a un gran cami\u00f3n, desde donde saludaban a un p\u00fablico disperso, que fue ganando en cantidad a medida que avanzaba el desfile.<\/p>\n\n\n\n<p>El Desfile Nacional de Carnaval re\u00fane a todas las expresiones carnavalescas del pa\u00eds que se celebran en febrero, lo que lo convierte en una interminable pasarela de comparsas de todo tipo de disfraces aleg\u00f3ricos a la cotidianeidad y a m\u00faltiples asuntos de inter\u00e9s nacional e internacional.<\/p>\n\n\n\n<p>El Ministerio de Cultura, organizador del desfile, tambi\u00e9n rindi\u00f3 un homenaje p\u00f3stumo al core\u00f3grafo y folclorista V\u00edctor \u2018Vitico\u2019 Erarte, uno de los m\u00e1s activos promotores del carnaval de Santiago, quien muri\u00f3 violentamente el a\u00f1o pasado.<\/p>\n\n\n\n<p>Las primeras en desfilar fueron las comparsas infantiles de varias partes del pa\u00eds compuestas por disfraces de atractivos colores bajo el ic\u00f3nico tema del carnaval dominicano \u00abBaila en la calle\u00bb, interpretado por el merenguero Fernando Villalona.<\/p>\n\n\n\n<p>Luego, personajes tan pintorescos como tradicionales del carnaval como \u00abRoba la gallina\u00bb y \u00abCalif\u00e9\u00bb no pod\u00edan faltar en el derroche de creatividad de la m\u00e1s popular expresi\u00f3n de la cultura dominicana.<\/p>\n\n\n<div class=\"wp-block-image\">\n<figure class=\"alignleft\"><a href=\"https:\/\/almomento.net\/wp-content\/uploads\/2023\/03\/Carnaval-Santo-Domingo-2023.jpg\"><img decoding=\"async\" src=\"https:\/\/almomento.net\/wp-content\/uploads\/2023\/03\/Carnaval-Santo-Domingo-2023.jpg\" alt=\"\" class=\"wp-image-857991\"\/><\/a><\/figure><\/div>\n\n\n<p>El \u00abRoba la gallina\u00bb es el personaje que rinde tributo a la maternidad con gigantes pechos y un enorme trasero que va danzando constantemente mientras porta una sombrilla.<\/p>\n\n\n\n<p>El no menos popular \u00abCalif\u00e9\u00bb -con un largo traje de frac y un sombrero de copa de gran tama\u00f1o- satiriza a la clase intelectual dominicana de las primeras d\u00e9cadas del siglo pasado.<\/p>\n\n\n\n<p>Santiago desfil\u00f3 con una muy nutrida delegaci\u00f3n encabezada por diablos cojuelos Los Lechones, muy llamativos por sus vistosos y extravagantes disfraces, am\u00e9n del sonido intimidante que causan al agitar sus largos l\u00e1tigos y exhibiendo las vejigas hechas con el cuero de la vaca o el chivo (cabra).<\/p>\n\n\n\n<p>Un hombre imitando a Jesucristo con su corona de espinas y la cruz a cuestas camino a su crucifixi\u00f3n, \u00abhechiceras\u00bb exhibiendo im\u00e1genes de santos cat\u00f3licos o miembros de la comunidad LGTBI caminando con trajes repletos de pluma, fue parte de lo que se desliz\u00f3 por el malec\u00f3n capitalino.<\/p>\n\n\n\n<p>\u00abDesde ni\u00f1o nunca me he perdido el desfile, aqu\u00ed est\u00e1 nuestra identidad que es importante valorarla, aqu\u00ed est\u00e1 nuestra muestra cultural m\u00e1s fidedigna, la expresi\u00f3n org\u00e1nica y genuina de los que somos los dominicanos\u00bb, dijo a la televisi\u00f3n oficial el ministro dominicano de la Juventud, Rafael Feliz Garc\u00eda, quien hac\u00eda fotos del desfile con una c\u00e1mara profesional.<\/p>\n\n\n\n<p>Un grupo que no falta a esta celebraci\u00f3n el de los Guloyas de San Pedro de Macor\u00eds (este), declarado por la Unesco patrimonio inmaterial de la humanidad, gracias a sus pintorescos bailes, trajes de plumas y cascabeles, y m\u00fasica a base de tambores y pitos.<\/p>\n\n\n\n<p>La comparsa de los Al\u00ed Bab\u00e1, una de las de mayor n\u00famero de miembros, homenaje\u00f3 a los carnavales brasile\u00f1os a ritmo de samba, con predominio de los colores verde y amarillo de la bandera del pa\u00eds suramericano.<\/p>\n\n\n\n<p>Este a\u00f1o, el Poder Ejecutivo dispuso crear los Premios Anuales del Carnaval Dominicano que abarca 15 categor\u00edas, entre estas creatividad, fantas\u00eda, personaje individual y diablos tradicionales.EFE<\/p>\n","protected":false},"excerpt":{"rendered":"<p>Santo Domingo, 5 mar (EFE).- El color, la imaginaci\u00f3n, la m\u00fasica y el desborde de movimientos corporales volvi\u00f3 a copar el malec\u00f3n de la capital dominicana con la celebraci\u00f3n este domingo del Desfile Nacional de Carnaval, que en esta oportunidad fue dedicado a la provincia de Santiago (norte) y a Puerto Rico. Los reyes del [&hellip;]<\/p>\n","protected":false},"author":1,"featured_media":75104,"comment_status":"open","ping_status":"open","sticky":false,"template":"","format":"standard","meta":{"footnotes":""},"categories":[62,1,83,44],"tags":[],"class_list":["post-75103","post","type-post","status-publish","format-standard","has-post-thumbnail","hentry","category-cultura","category-entretenimiento","category-reportajes","category-republica-dominicana"],"_links":{"self":[{"href":"https:\/\/2horizontes.com\/index.php?rest_route=\/wp\/v2\/posts\/75103","targetHints":{"allow":["GET"]}}],"collection":[{"href":"https:\/\/2horizontes.com\/index.php?rest_route=\/wp\/v2\/posts"}],"about":[{"href":"https:\/\/2horizontes.com\/index.php?rest_route=\/wp\/v2\/types\/post"}],"author":[{"embeddable":true,"href":"https:\/\/2horizontes.com\/index.php?rest_route=\/wp\/v2\/users\/1"}],"replies":[{"embeddable":true,"href":"https:\/\/2horizontes.com\/index.php?rest_route=%2Fwp%2Fv2%2Fcomments&post=75103"}],"version-history":[{"count":1,"href":"https:\/\/2horizontes.com\/index.php?rest_route=\/wp\/v2\/posts\/75103\/revisions"}],"predecessor-version":[{"id":75105,"href":"https:\/\/2horizontes.com\/index.php?rest_route=\/wp\/v2\/posts\/75103\/revisions\/75105"}],"wp:featuredmedia":[{"embeddable":true,"href":"https:\/\/2horizontes.com\/index.php?rest_route=\/wp\/v2\/media\/75104"}],"wp:attachment":[{"href":"https:\/\/2horizontes.com\/index.php?rest_route=%2Fwp%2Fv2%2Fmedia&parent=75103"}],"wp:term":[{"taxonomy":"category","embeddable":true,"href":"https:\/\/2horizontes.com\/index.php?rest_route=%2Fwp%2Fv2%2Fcategories&post=75103"},{"taxonomy":"post_tag","embeddable":true,"href":"https:\/\/2horizontes.com\/index.php?rest_route=%2Fwp%2Fv2%2Ftags&post=75103"}],"curies":[{"name":"wp","href":"https:\/\/api.w.org\/{rel}","templated":true}]}}